{"id":14001,"date":"2021-05-03T09:42:34","date_gmt":"2021-05-03T09:42:34","guid":{"rendered":"https:\/\/infotorrent.es\/uncategorized\/14-persones-es-beneficien-del-programa-emcorp-2020-durant-sis-mesos-a-lajuntament-de-torrent\/"},"modified":"2021-05-03T09:40:45","modified_gmt":"2021-05-03T09:40:45","slug":"14-persones-es-beneficien-del-programa-emcorp-2020-durant-sis-mesos-a-lajuntament-de-torrent","status":"publish","type":"post","link":"https:\/\/infotorrent.es\/ca\/noticies\/14-persones-es-beneficien-del-programa-emcorp-2020-durant-sis-mesos-a-lajuntament-de-torrent\/","title":{"rendered":"14 persones es beneficien del programa EMCORP 2020 durant sis mesos a l&#8217;Ajuntament de Torrent"},"content":{"rendered":"<p style=\"text-align: justify;\"><strong>Amb una inversi\u00f3 de 225.251,69 \u20ac s&#8217;ha pogut reincorporar persones majors aturades de llarga duraci\u00f3 a la vida laboral del municipi<\/strong><\/p>\n<p style=\"text-align: justify;\">L&#8217;Ajuntament de Torrent, en col\u00b7laboraci\u00f3 amb IDEAT, ha perm\u00e9s la incorporaci\u00f3 al m\u00f3n laboral de catorze persones durant sis mesos gr\u00e0cies al programa EMCORP 2020.<\/p>\n<p style=\"text-align: justify;\">El programa EMCORP 2020 est\u00e0 dirigit a facilitar la inserci\u00f3 en el mercat de treball a persones desocupades de llarga duraci\u00f3 amb la finalitat que incrementen la seua experi\u00e8ncia laboral mentre realitzen obres i serveis d&#8217;inter\u00e9s general i social per a la ciutat. En aquest sentit, la regidora d&#8217;Igualtat, Marina Olivares, destaca la import\u00e0ncia d&#8217;aquesta classe de programes, ja que \u201c\u00e9s prioritari en aquesta situaci\u00f3 d&#8217;incertesa econ\u00f2mica, a causa de la pand\u00e8mia, que treballem per la inserci\u00f3 laboral de persones desocupades que, al seu torn, ens ajuden en el treball del dia a dia del consistori i de millora cont\u00ednua de la ciutat\u201d.<\/p>\n<p style=\"text-align: justify;\">Per eixa ra\u00f3, aquestes persones es van integrar en diferents departaments municipals per a la millora d&#8217;espais en via p\u00fablica, retoc de la pintura i la senyalitzaci\u00f3 vi\u00e0ria, refor\u00e7 d&#8217;atenci\u00f3 a les v\u00edctimes de viol\u00e8ncia de g\u00e8nere, suport d&#8217;atenci\u00f3 a persones en serveis socials i suport a l&#8217;arxiu municipal. Els perfils seleccionats van ser: tres administratives, dues treballadores socials, un integrador social, quatre peons de pintura, un oficial pintor, dos oficials i un pe\u00f3 d&#8217;obra.<\/p>\n<p style=\"text-align: justify;\">El projecte EMCORP 2020, promogut per LABORA (Servei d&#8217;ocupaci\u00f3 i formaci\u00f3) en col\u00b7laboraci\u00f3 amb l&#8217;Ajuntament de Torrent i IDEA\u2019T, \u00e9s finan\u00e7at amb fons del Servei P\u00fablic d&#8217;Ocupaci\u00f3 Estatal (SEPE) i ha estat actiu al llarg dels \u00faltims sis mesos fins al dia de hui.<\/p>\n<p>&nbsp;<\/p>\n<p>&nbsp;<\/p>\n<p>&nbsp;<\/p>\n<p><img fetchpriority=\"high\" decoding=\"async\" class=\" wp-image-43602 aligncenter\" src=\"https:\/\/www.infotorrent.es\/wp-content\/uploads\/2021\/05\/210430_EMCORP1-scaled.jpg\" alt=\"\" width=\"420\" height=\"701\" \/><\/p>\n<p>&nbsp;<\/p>\n<p><img decoding=\"async\" class=\" wp-image-43604 aligncenter\" src=\"https:\/\/www.infotorrent.es\/wp-content\/uploads\/2021\/05\/210430_EMCORP2-scaled.jpg\" alt=\"\" width=\"398\" height=\"463\" \/><\/p>\n","protected":false},"excerpt":{"rendered":"<p>Amb una inversi\u00f3 de 225.251,69 \u20ac s&#8217;ha pogut reincorporar persones majors aturades de llarga duraci\u00f3 a la vida laboral del municipi L&#8217;Ajuntament de Torrent, en col\u00b7laboraci\u00f3 amb IDEAT, ha perm\u00e9s la incorporaci\u00f3 al m\u00f3n laboral de catorze persones durant sis mesos gr\u00e0cies al programa EMCORP 2020. El programa EMCORP 2020 est\u00e0 dirigit a facilitar la [&hellip;]<\/p>\n","protected":false},"author":2,"featured_media":14003,"comment_status":"closed","ping_status":"open","sticky":false,"template":"","format":"standard","meta":{"_acf_changed":false,"footnotes":""},"categories":[129,116],"tags":[236],"class_list":["post-14001","post","type-post","status-publish","format-standard","has-post-thumbnail","hentry","category-economia-es-2","category-noticies","tag-ajuntament-de-torrent"],"acf":[],"_links":{"self":[{"href":"https:\/\/infotorrent.es\/ca\/wp-json\/wp\/v2\/posts\/14001","targetHints":{"allow":["GET"]}}],"collection":[{"href":"https:\/\/infotorrent.es\/ca\/wp-json\/wp\/v2\/posts"}],"about":[{"href":"https:\/\/infotorrent.es\/ca\/wp-json\/wp\/v2\/types\/post"}],"author":[{"embeddable":true,"href":"https:\/\/infotorrent.es\/ca\/wp-json\/wp\/v2\/users\/2"}],"replies":[{"embeddable":true,"href":"https:\/\/infotorrent.es\/ca\/wp-json\/wp\/v2\/comments?post=14001"}],"version-history":[{"count":0,"href":"https:\/\/infotorrent.es\/ca\/wp-json\/wp\/v2\/posts\/14001\/revisions"}],"wp:featuredmedia":[{"embeddable":true,"href":"https:\/\/infotorrent.es\/ca\/wp-json\/wp\/v2\/media\/14003"}],"wp:attachment":[{"href":"https:\/\/infotorrent.es\/ca\/wp-json\/wp\/v2\/media?parent=14001"}],"wp:term":[{"taxonomy":"category","embeddable":true,"href":"https:\/\/infotorrent.es\/ca\/wp-json\/wp\/v2\/categories?post=14001"},{"taxonomy":"post_tag","embeddable":true,"href":"https:\/\/infotorrent.es\/ca\/wp-json\/wp\/v2\/tags?post=14001"}],"curies":[{"name":"wp","href":"https:\/\/api.w.org\/{rel}","templated":true}]}}