{"id":13998,"date":"2021-04-30T09:22:02","date_gmt":"2021-04-30T09:22:02","guid":{"rendered":"https:\/\/infotorrent.es\/uncategorized\/teatre-dansa-i-musica-en-lauditori-de-torrent\/"},"modified":"2021-04-30T09:23:28","modified_gmt":"2021-04-30T09:23:28","slug":"teatre-dansa-i-musica-en-lauditori-de-torrent","status":"publish","type":"post","link":"https:\/\/infotorrent.es\/ca\/noticies\/teatre-dansa-i-musica-en-lauditori-de-torrent\/","title":{"rendered":"Teatre, dansa i m\u00fasica en l\u2019Auditori de Torrent"},"content":{"rendered":"<p style=\"text-align: justify;\"><strong>La programaci\u00f3 del mes de maig ofereix una proposta variada quant a g\u00e8neres i estils<\/strong><\/p>\n<p>&nbsp;<\/p>\n<p style=\"text-align: justify;\">L\u2019Auditori de Torrent inicia el mes de maig apostant fort per la diversitat de g\u00e8neres en la programaci\u00f3. Des de propostes teatrals, dansa contempor\u00e0nia i diversos estils de m\u00fasica, fins a un espectacle de mentalisme.<\/p>\n<p style=\"text-align: justify;\">La programaci\u00f3 s&#8217;inicia aquest mateix dissabte, 1 de maig, amb una funci\u00f3 teatral que t\u00e9 la dona com a protagonista. Dirigida per Mag\u00fci Mira, <em>ADI\u00d3S, DUE\u00d1O M\u00cdO<\/em> \u00a0\u00e9s una versi\u00f3 lliure d&#8217;Emilio Hern\u00e1ndez de la com\u00e8dia comedia<em> \u201cLa traici\u00f3n en la amistad\u201d<\/em> \u00a0de Maria de Zayas, una de les primeres autores en la literatura espanyola que va expressar la necessitat de revisar la concepci\u00f3 i el valor de la dona en la societat.<\/p>\n<p style=\"text-align: justify;\">LA COARTADA, programada per al diumenge 2 de maig, tamb\u00e9 posa l&#8217;espectador en la pell d&#8217;una dona al l\u00edmit, divorciada i turmentada pel seu passat: un thriller psicol\u00f2gic protagonitzat per Maria Castro i els actors Gorka Otxoa i Miguel Hermoso, dirigits per Bernab\u00e9 Rico.<\/p>\n<p style=\"text-align: justify;\">Del 4 al 9 de maig, l\u2019Auditori acollir\u00e0 el FESTIVAL DE M\u00daSICA I TRADICI\u00d3 ARRELS, organitzat per l\u2019Ajuntament de Torrent en col\u00b7laboraci\u00f3 amb Capella de Ministrers. El festival s&#8217;inaugurar\u00e0 amb la confer\u00e8ncia \u201cLa festa mare\u201d, impartida per Antonio Ari\u00f1o, i oferir\u00e0, a m\u00e9s, sis concerts vinculats a la tradici\u00f3 i al patrimoni musical mediterrani.<\/p>\n<p style=\"text-align: justify;\">El dissabte 8 de maig, Toni Bright, un dels millors mags de la ment i mentalistes d&#8217;Espanya, sorprendr\u00e0 els aficionats a la m\u00e0gia de la ment amb el seu espectacle <em>VOLVER A CREER.<\/em><\/p>\n<p style=\"text-align: justify;\">La dansa contempor\u00e0nia arriba el 14 de maig de la m\u00e0 de la companyia Otradanza i la seua proposta <em>PELVI\u00c0,<\/em> una obra pensada, coreografiada i interpretada per dones. No sobre la dona, sin\u00f3 des de la dona: amb el cos, la seua construcci\u00f3 i el seu moviment com a premissa.<\/p>\n<p style=\"text-align: justify;\">En <em>LOS MOJIGATOS<\/em> \u00a0Cecilia Solaguren i Gabino Diego, interpreten una dona i un home que intenten trobar una eixida a la seua sequera sexual. Molt d&#8217;humor, i a vegades tamb\u00e9 dolor, per a una parella \u00aba la recerca del sexe perdut\u00bb. El dissabte 15 de maig.<\/p>\n<p style=\"text-align: justify;\">M\u00e9s tradici\u00f3 musical \u00e9s la que ens porta el seg\u00fcent dissabte, 22 de maig, PEP GIMENO BOTIFARRA. Acompanyat a la guitarra per Miquel P\u00e9rez i per algun altre convidat sorpresa, interpretar\u00e0 el seu repertori habitual, format per jotes, fandangos, cants de batre, masurques, havaneres, malaguenyes, granadines i roman\u00e7os; per\u00f2, sobretot, en aquest concert traur\u00e0 aquella caixa de cintes de cassette que va comen\u00e7ar a gravar als 13 anys i recuperar\u00e0 peces in\u00e8dites d&#8217;aquella gent major que tant ens ha aportat.<\/p>\n<p style=\"text-align: justify;\">La m\u00fasica cl\u00e0ssica arriba el dia 23 de maig a trav\u00e9s de la formaci\u00f3 HARMONIE ENSEMBLE, que, dirigida per Pascual Cabanes, ens oferir\u00e0 un programa dedicat al compositor alemany Johannes Brahms.<\/p>\n<p style=\"text-align: justify;\">I, per a tancar la programaci\u00f3 del mes de maig, una gran figura dels escenaris: Carles Sans. Despr\u00e9s de 40 anys amb Tricicle, ara pren un descans i aprofita, <em>\u00a1POR FIN SOLO!,<\/em> per a parlar d&#8217;ocurrents i divertides an\u00e8cdotes professionals i personals, viscudes durant aquest per\u00edode<\/p>\n<p style=\"text-align: justify;\">Entrades a la venda en www.auditoritorrent.com i en les taquilles de l\u2019Auditori els dijous de 17 a 20 h i els divendres d&#8217;11 a 13 h; tamb\u00e9 en taquilla des de 2 hores abans del comen\u00e7ament de l&#8217;espectacle.<\/p>\n<p>&nbsp;<\/p>\n<p>&nbsp;<\/p>\n<p>&nbsp;<\/p>\n<p><img fetchpriority=\"high\" decoding=\"async\" class=\" wp-image-43589 aligncenter\" src=\"https:\/\/www.infotorrent.es\/wp-content\/uploads\/2021\/04\/MG_5131-scaled.jpg\" alt=\"\" width=\"302\" height=\"365\" \/><\/p>\n<p>&nbsp;<\/p>\n<p><img decoding=\"async\" class=\" wp-image-43587 aligncenter\" src=\"https:\/\/www.infotorrent.es\/wp-content\/uploads\/2021\/04\/los-mojigatos-scaled.jpg\" alt=\"\" width=\"461\" height=\"415\" \/><\/p>\n","protected":false},"excerpt":{"rendered":"<p>La programaci\u00f3 del mes de maig ofereix una proposta variada quant a g\u00e8neres i estils &nbsp; L\u2019Auditori de Torrent inicia el mes de maig apostant fort per la diversitat de g\u00e8neres en la programaci\u00f3. Des de propostes teatrals, dansa contempor\u00e0nia i diversos estils de m\u00fasica, fins a un espectacle de mentalisme. La programaci\u00f3 s&#8217;inicia aquest [&hellip;]<\/p>\n","protected":false},"author":2,"featured_media":14000,"comment_status":"closed","ping_status":"open","sticky":false,"template":"","format":"standard","meta":{"_acf_changed":false,"footnotes":""},"categories":[117,116],"tags":[236],"class_list":["post-13998","post","type-post","status-publish","format-standard","has-post-thumbnail","hentry","category-cultura","category-noticies","tag-ajuntament-de-torrent"],"acf":[],"_links":{"self":[{"href":"https:\/\/infotorrent.es\/ca\/wp-json\/wp\/v2\/posts\/13998","targetHints":{"allow":["GET"]}}],"collection":[{"href":"https:\/\/infotorrent.es\/ca\/wp-json\/wp\/v2\/posts"}],"about":[{"href":"https:\/\/infotorrent.es\/ca\/wp-json\/wp\/v2\/types\/post"}],"author":[{"embeddable":true,"href":"https:\/\/infotorrent.es\/ca\/wp-json\/wp\/v2\/users\/2"}],"replies":[{"embeddable":true,"href":"https:\/\/infotorrent.es\/ca\/wp-json\/wp\/v2\/comments?post=13998"}],"version-history":[{"count":0,"href":"https:\/\/infotorrent.es\/ca\/wp-json\/wp\/v2\/posts\/13998\/revisions"}],"wp:featuredmedia":[{"embeddable":true,"href":"https:\/\/infotorrent.es\/ca\/wp-json\/wp\/v2\/media\/14000"}],"wp:attachment":[{"href":"https:\/\/infotorrent.es\/ca\/wp-json\/wp\/v2\/media?parent=13998"}],"wp:term":[{"taxonomy":"category","embeddable":true,"href":"https:\/\/infotorrent.es\/ca\/wp-json\/wp\/v2\/categories?post=13998"},{"taxonomy":"post_tag","embeddable":true,"href":"https:\/\/infotorrent.es\/ca\/wp-json\/wp\/v2\/tags?post=13998"}],"curies":[{"name":"wp","href":"https:\/\/api.w.org\/{rel}","templated":true}]}}