{"id":13995,"date":"2021-04-30T08:12:55","date_gmt":"2021-04-30T08:12:55","guid":{"rendered":"https:\/\/infotorrent.es\/uncategorized\/torrent-avanca-amb-la-seua-estrategia-de-desenvolupament-urba-sostenible-integrat-edusi\/"},"modified":"2021-04-30T08:11:53","modified_gmt":"2021-04-30T08:11:53","slug":"torrent-avanca-amb-la-seua-estrategia-de-desenvolupament-urba-sostenible-integrat-edusi","status":"publish","type":"post","link":"https:\/\/infotorrent.es\/ca\/noticies\/torrent-avanca-amb-la-seua-estrategia-de-desenvolupament-urba-sostenible-integrat-edusi\/","title":{"rendered":"Torrent avan\u00e7a amb la seua Estrat\u00e8gia de Desenvolupament Urb\u00e0 Sostenible Integrat (EDUSI)"},"content":{"rendered":"<p style=\"text-align: justify;\"><strong>El Comit\u00e9 de Participaci\u00f3 fa balan\u00e7 dels projectes iniciats i les operacions previstes<\/strong><\/p>\n<p style=\"text-align: justify;\">\n<p style=\"text-align: justify;\">L&#8217;Ajuntament de Torrent va presentar ahir en una trobada amb el Consell de Participaci\u00f3, el balan\u00e7 de la situaci\u00f3 actual de l&#8217;Estrat\u00e8gia de Desenvolupament Urb\u00e0 Sostenible Integrat (EDUSI), per a revisar les operacions que ja s&#8217;han concl\u00f2s i abordar l&#8217;execuci\u00f3 de nous projectes que tinguen com a objectiu contribuir al creixement urb\u00e0, econ\u00f2mic, mediambiental, demogr\u00e0fic i social de la capital de l&#8217;Horta Sud.<\/p>\n<p style=\"text-align: justify;\">El regidor de Modernitzaci\u00f3, Andr\u00e9s Campos, ha destacat que <strong>\u201ca hores d\u2019ara, l&#8217;\u00fas que hem fet dels fons europeus FEDER situen Torrent molt per damunt de la mitjana espanyola quant a quantitat de projectes executats i ens col\u00b7loca al mateix nivell que els pa\u00efsos europeus l\u00edders en percentatge d&#8217;execuci\u00f3\u201d<\/strong>.<\/p>\n<p style=\"text-align: justify;\">Fent un rep\u00e0s a les actuacions dutes a terme o que estan en vies de fer-ho, Campos ha comentat que actualment estan en marxa el projecte de reurbanitzaci\u00f3 de l&#8217;Alter i repavimentaci\u00f3 del centre hist\u00f2ric de la ciutat i de les vies d&#8217;acc\u00e9s als centres educatius del Vedat. S\u2019hi sumen altres actuacions dirigides al foment de les pol\u00edtiques de mobilitat sostenible que ja s&#8217;han aplicat en la implantaci\u00f3 del pla de ciclomobilitat.<\/p>\n<p style=\"text-align: justify;\">D&#8217;altra banda, es continua apostant per la millora de l&#8217;efici\u00e8ncia energ\u00e8tica en els col\u00b7legis p\u00fablics i altres espais municipals. D&#8217;aquesta manera, es pret\u00e9n reduir les emissions i augmentar l&#8217;efici\u00e8ncia econ\u00f2mica.<\/p>\n<p style=\"text-align: justify;\">Tamb\u00e9 en l&#8217;\u00e0mbit social, l&#8217;Ajuntament est\u00e0 impulsant la rehabilitaci\u00f3 d&#8217;habitatges particulars mitjan\u00e7ant convenis amb altres administracions, i amb la implementaci\u00f3 de mesures de foment d&#8217;ocupaci\u00f3 i integraci\u00f3 sociolaboral, en un any en qu\u00e8 la crisi sanit\u00e0ria ha fet m\u00e9s necess\u00e0ries aquestes propostes.<\/p>\n<p style=\"text-align: justify;\">El Comit\u00e9 \u00e9s un \u00f2rgan participatiu format per diferents entitats en representaci\u00f3 del teixit econ\u00f2mic, social i cultural de la ciutat, que col\u00b7labora en la definici\u00f3 dels eixos estrat\u00e8gics i el desenvolupament dels plans europeus integrats en l&#8217;estrat\u00e8gia EDUSI.<\/p>\n<p>&nbsp;<\/p>\n<p>&nbsp;<\/p>\n<p style=\"text-align: justify;\"><img fetchpriority=\"high\" decoding=\"async\" class=\" wp-image-43585 aligncenter\" src=\"https:\/\/www.infotorrent.es\/wp-content\/uploads\/2021\/04\/IMG-20210428-WA0017.jpg\" alt=\"\" width=\"619\" height=\"307\" \/><\/p>\n<p>&nbsp;<\/p>\n","protected":false},"excerpt":{"rendered":"<p>El Comit\u00e9 de Participaci\u00f3 fa balan\u00e7 dels projectes iniciats i les operacions previstes L&#8217;Ajuntament de Torrent va presentar ahir en una trobada amb el Consell de Participaci\u00f3, el balan\u00e7 de la situaci\u00f3 actual de l&#8217;Estrat\u00e8gia de Desenvolupament Urb\u00e0 Sostenible Integrat (EDUSI), per a revisar les operacions que ja s&#8217;han concl\u00f2s i abordar l&#8217;execuci\u00f3 de nous [&hellip;]<\/p>\n","protected":false},"author":2,"featured_media":13997,"comment_status":"closed","ping_status":"open","sticky":false,"template":"","format":"standard","meta":{"_acf_changed":false,"footnotes":""},"categories":[116,133],"tags":[236],"class_list":["post-13995","post","type-post","status-publish","format-standard","has-post-thumbnail","hentry","category-noticies","category-urbanisme","tag-ajuntament-de-torrent"],"acf":[],"_links":{"self":[{"href":"https:\/\/infotorrent.es\/ca\/wp-json\/wp\/v2\/posts\/13995","targetHints":{"allow":["GET"]}}],"collection":[{"href":"https:\/\/infotorrent.es\/ca\/wp-json\/wp\/v2\/posts"}],"about":[{"href":"https:\/\/infotorrent.es\/ca\/wp-json\/wp\/v2\/types\/post"}],"author":[{"embeddable":true,"href":"https:\/\/infotorrent.es\/ca\/wp-json\/wp\/v2\/users\/2"}],"replies":[{"embeddable":true,"href":"https:\/\/infotorrent.es\/ca\/wp-json\/wp\/v2\/comments?post=13995"}],"version-history":[{"count":0,"href":"https:\/\/infotorrent.es\/ca\/wp-json\/wp\/v2\/posts\/13995\/revisions"}],"wp:featuredmedia":[{"embeddable":true,"href":"https:\/\/infotorrent.es\/ca\/wp-json\/wp\/v2\/media\/13997"}],"wp:attachment":[{"href":"https:\/\/infotorrent.es\/ca\/wp-json\/wp\/v2\/media?parent=13995"}],"wp:term":[{"taxonomy":"category","embeddable":true,"href":"https:\/\/infotorrent.es\/ca\/wp-json\/wp\/v2\/categories?post=13995"},{"taxonomy":"post_tag","embeddable":true,"href":"https:\/\/infotorrent.es\/ca\/wp-json\/wp\/v2\/tags?post=13995"}],"curies":[{"name":"wp","href":"https:\/\/api.w.org\/{rel}","templated":true}]}}