{"id":13956,"date":"2021-04-21T07:44:42","date_gmt":"2021-04-21T07:44:42","guid":{"rendered":"https:\/\/infotorrent.es\/uncategorized\/torrent-inicia-obres-de-repavimentacio-en-el-vedat-per-a-millorar-lacces-als-centres-educatius\/"},"modified":"2021-04-21T07:46:18","modified_gmt":"2021-04-21T07:46:18","slug":"torrent-inicia-obres-de-repavimentacio-en-el-vedat-per-a-millorar-lacces-als-centres-educatius","status":"publish","type":"post","link":"https:\/\/infotorrent.es\/ca\/noticies\/torrent-inicia-obres-de-repavimentacio-en-el-vedat-per-a-millorar-lacces-als-centres-educatius\/","title":{"rendered":"Torrent inicia obres de repavimentaci\u00f3 en el Vedat per a millorar l&#8217;acc\u00e9s als centres educatius"},"content":{"rendered":"<p style=\"text-align: justify;\"><strong>El Pla de Reurbanitzaci\u00f3 centra les seues actuacions en les millores de seguretat i accessibilitat dels entorns escolars<\/strong><\/p>\n<p>&nbsp;<\/p>\n<p style=\"text-align: justify;\">L&#8217;Ajuntament de Torrent dins del pla de millora i renovaci\u00f3 de vies p\u00fabliques continua les actuacions centrades principalment en la reurbanitzaci\u00f3 d&#8217;espais p\u00fablics i pavimentaci\u00f3 de cal\u00e7ades en zones on \u00e9s important refor\u00e7ar la millora de la mobilitat i la seguretat de vehicles i vianants. Per aix\u00f2, s&#8217;han considerat essencials aquelles intervencions que reverteixen en la millora dels elements de seguretat vi\u00e0ria i en la modernitzaci\u00f3 dels accessos a col\u00b7legis i instituts.<\/p>\n<p style=\"text-align: justify;\">Aix\u00ed, les intervencions al carrer de Joaquim Costa i el cam\u00ed Barranc de Canyes, en el Vedat, continuen els plans tra\u00e7ats per l&#8217;Ajuntament per a millorar l&#8217;accessibilitat a l&#8217;entorn dels centres educatius, com les ja realitzades en altres punts del nucli urbans.<\/p>\n<p style=\"text-align: justify;\">D&#8217;altra banda, com assenyala la responsable de l&#8217;\u00c0rea de Gesti\u00f3 de la Ciutat i Seguretat, Inma Amat, aquestes iniciatives <strong>\u201cimpliquen la coordinaci\u00f3 dels departaments d\u2019Educaci\u00f3, Modernitzaci\u00f3, Mobilitat i Seguretat Ciutadana, a m\u00e9s de contribuir, en certa manera, al creixement urb\u00e0, econ\u00f2mic i social de la ciutat\u201d<\/strong>. A m\u00e9s, <strong>\u201camb aquestes mesures\u201d<\/strong>, afig la regidora, <strong>\u201caconseguirem tindre una via p\u00fablica m\u00e9s segura en un trajecte quotidi\u00e0 com \u00e9s el cam\u00ed a l&#8217;escola de les xiquetes i els xiquets\u201d<\/strong>.<\/p>\n<p>&nbsp;<\/p>\n<p>&nbsp;<\/p>\n<p>&nbsp;<\/p>\n<p><img fetchpriority=\"high\" decoding=\"async\" class=\" wp-image-43466 aligncenter\" src=\"https:\/\/www.infotorrent.es\/wp-content\/uploads\/2021\/04\/image00002.jpeg\" alt=\"\" width=\"325\" height=\"472\" \/><\/p>\n<p>&nbsp;<\/p>\n<p><img decoding=\"async\" class=\" wp-image-43468 aligncenter\" src=\"https:\/\/www.infotorrent.es\/wp-content\/uploads\/2021\/04\/image00005.jpeg\" alt=\"\" width=\"295\" height=\"569\" \/><\/p>\n","protected":false},"excerpt":{"rendered":"<p>El Pla de Reurbanitzaci\u00f3 centra les seues actuacions en les millores de seguretat i accessibilitat dels entorns escolars &nbsp; L&#8217;Ajuntament de Torrent dins del pla de millora i renovaci\u00f3 de vies p\u00fabliques continua les actuacions centrades principalment en la reurbanitzaci\u00f3 d&#8217;espais p\u00fablics i pavimentaci\u00f3 de cal\u00e7ades en zones on \u00e9s important refor\u00e7ar la millora de [&hellip;]<\/p>\n","protected":false},"author":2,"featured_media":13958,"comment_status":"closed","ping_status":"open","sticky":false,"template":"","format":"standard","meta":{"_acf_changed":false,"footnotes":""},"categories":[116,133],"tags":[236],"class_list":["post-13956","post","type-post","status-publish","format-standard","has-post-thumbnail","hentry","category-noticies","category-urbanisme","tag-ajuntament-de-torrent"],"acf":[],"_links":{"self":[{"href":"https:\/\/infotorrent.es\/ca\/wp-json\/wp\/v2\/posts\/13956","targetHints":{"allow":["GET"]}}],"collection":[{"href":"https:\/\/infotorrent.es\/ca\/wp-json\/wp\/v2\/posts"}],"about":[{"href":"https:\/\/infotorrent.es\/ca\/wp-json\/wp\/v2\/types\/post"}],"author":[{"embeddable":true,"href":"https:\/\/infotorrent.es\/ca\/wp-json\/wp\/v2\/users\/2"}],"replies":[{"embeddable":true,"href":"https:\/\/infotorrent.es\/ca\/wp-json\/wp\/v2\/comments?post=13956"}],"version-history":[{"count":0,"href":"https:\/\/infotorrent.es\/ca\/wp-json\/wp\/v2\/posts\/13956\/revisions"}],"wp:featuredmedia":[{"embeddable":true,"href":"https:\/\/infotorrent.es\/ca\/wp-json\/wp\/v2\/media\/13958"}],"wp:attachment":[{"href":"https:\/\/infotorrent.es\/ca\/wp-json\/wp\/v2\/media?parent=13956"}],"wp:term":[{"taxonomy":"category","embeddable":true,"href":"https:\/\/infotorrent.es\/ca\/wp-json\/wp\/v2\/categories?post=13956"},{"taxonomy":"post_tag","embeddable":true,"href":"https:\/\/infotorrent.es\/ca\/wp-json\/wp\/v2\/tags?post=13956"}],"curies":[{"name":"wp","href":"https:\/\/api.w.org\/{rel}","templated":true}]}}