{"id":13937,"date":"2021-04-16T07:00:48","date_gmt":"2021-04-16T07:00:48","guid":{"rendered":"https:\/\/infotorrent.es\/uncategorized\/ideat-posa-en-marxa-un-nou-programa-amb-cursos-destinats-a-les-persones-en-cerca-activa-docupacio\/"},"modified":"2021-04-16T06:59:13","modified_gmt":"2021-04-16T06:59:13","slug":"ideat-posa-en-marxa-un-nou-programa-amb-cursos-destinats-a-les-persones-en-cerca-activa-docupacio","status":"publish","type":"post","link":"https:\/\/infotorrent.es\/ca\/noticies\/ideat-posa-en-marxa-un-nou-programa-amb-cursos-destinats-a-les-persones-en-cerca-activa-docupacio\/","title":{"rendered":"IDEA\u2019T posa en marxa un nou programa amb cursos destinats a les persones en cerca activa d&#8217;ocupaci\u00f3"},"content":{"rendered":"<p style=\"text-align: justify;\"><strong>L&#8217;oferta formativa de l&#8217;empresa p\u00fablica s\u2019amplia amb activitats dirigides a la millora de l&#8217;ocupabilitat<\/strong><\/p>\n<p>&nbsp;<\/p>\n<p style=\"text-align: justify;\">L&#8217;Ajuntament de Torrent, a trav\u00e9s d&#8217;IDEA\u2019T, ha posat en marxa una nova oferta de diferents cursos destinats a les persones que es troben en situaci\u00f3 de cerca activa d&#8217;ocupaci\u00f3 a Torrent. Aquest programa inclou una gran varietat d\u2019opcions: des de dels idiomes fins al m\u00e0rqueting digital. En relaci\u00f3 als cursos d&#8217;idiomes ofereixen: Angl\u00e9s A2, Angl\u00e9s B1 i Castell\u00e0, amb una duraci\u00f3 de 100 hores cadascun. D&#8217;altra banda, altres de les activitats formatives que s&#8217;ofereixen s\u00f3n les de manipulador d&#8217;aliments, gesti\u00f3 d&#8217;al\u00b7lerg\u00f2gens i APPCC orientat a la COVID-19, amb una durada tamb\u00e9 de 100 hores.<\/p>\n<p style=\"text-align: justify;\">Les activitats orientades a la formaci\u00f3 d&#8217;auxiliars en vivers, jardins i centres de jardineria tamb\u00e9 estan incloses en el nou programa. En aquest cas, la duraci\u00f3 dels cursos ser\u00e0 de 20 hores. Finalment, en el programa tamb\u00e9 s&#8217;inclour\u00e0 la CAP inicial de mercaderies + E que tindr\u00e0 una duraci\u00f3 de 140 hores.<\/p>\n<p style=\"text-align: justify;\">La regidora de Formaci\u00f3, Marina Olivares, ha afirmat<strong> \u201cContinuem ampliant el nostre programa formatiu per a oferir al conjunt de la ciutadania m\u00e9s oportunitats d&#8217;ocupabilitat que es tradu\u00efsquen en una millora de les condicions d&#8217;ocupaci\u00f3\u201d<\/strong>.<\/p>\n<p style=\"text-align: justify;\">Les sol\u00b7licituds poden presentar-se fins al dia 26 d&#8217;abril. Les dates previstes per a la realitzaci\u00f3 dels cursos poden canviar en funci\u00f3 de la situaci\u00f3 sanit\u00e0ria.<\/p>\n<p style=\"text-align: justify;\">Per a ampliar informaci\u00f3 poden dirigir-se a <span style=\"color: #000000;\"><a style=\"color: #000000;\" href=\"http:\/\/torrent.portalemp.com\" target=\"_blank\" rel=\"noopener\">torrent.portalemp.com<\/a><\/span><\/p>\n<p>&nbsp;<\/p>\n<p>&nbsp;<\/p>\n<p>&nbsp;<\/p>\n<p><img fetchpriority=\"high\" decoding=\"async\" class=\" wp-image-43419 aligncenter\" src=\"https:\/\/www.infotorrent.es\/wp-content\/uploads\/2021\/04\/210331-CARTEL-7-PRIMEROS-CURSOS-PROXIMOS.jpeg\" alt=\"\" width=\"377\" height=\"548\" \/><\/p>\n","protected":false},"excerpt":{"rendered":"<p>L&#8217;oferta formativa de l&#8217;empresa p\u00fablica s\u2019amplia amb activitats dirigides a la millora de l&#8217;ocupabilitat &nbsp; L&#8217;Ajuntament de Torrent, a trav\u00e9s d&#8217;IDEA\u2019T, ha posat en marxa una nova oferta de diferents cursos destinats a les persones que es troben en situaci\u00f3 de cerca activa d&#8217;ocupaci\u00f3 a Torrent. Aquest programa inclou una gran varietat d\u2019opcions: des de [&hellip;]<\/p>\n","protected":false},"author":2,"featured_media":13939,"comment_status":"closed","ping_status":"open","sticky":false,"template":"","format":"standard","meta":{"_acf_changed":false,"footnotes":""},"categories":[129,116],"tags":[236],"class_list":["post-13937","post","type-post","status-publish","format-standard","has-post-thumbnail","hentry","category-economia-es-2","category-noticies","tag-ajuntament-de-torrent"],"acf":[],"_links":{"self":[{"href":"https:\/\/infotorrent.es\/ca\/wp-json\/wp\/v2\/posts\/13937","targetHints":{"allow":["GET"]}}],"collection":[{"href":"https:\/\/infotorrent.es\/ca\/wp-json\/wp\/v2\/posts"}],"about":[{"href":"https:\/\/infotorrent.es\/ca\/wp-json\/wp\/v2\/types\/post"}],"author":[{"embeddable":true,"href":"https:\/\/infotorrent.es\/ca\/wp-json\/wp\/v2\/users\/2"}],"replies":[{"embeddable":true,"href":"https:\/\/infotorrent.es\/ca\/wp-json\/wp\/v2\/comments?post=13937"}],"version-history":[{"count":0,"href":"https:\/\/infotorrent.es\/ca\/wp-json\/wp\/v2\/posts\/13937\/revisions"}],"wp:featuredmedia":[{"embeddable":true,"href":"https:\/\/infotorrent.es\/ca\/wp-json\/wp\/v2\/media\/13939"}],"wp:attachment":[{"href":"https:\/\/infotorrent.es\/ca\/wp-json\/wp\/v2\/media?parent=13937"}],"wp:term":[{"taxonomy":"category","embeddable":true,"href":"https:\/\/infotorrent.es\/ca\/wp-json\/wp\/v2\/categories?post=13937"},{"taxonomy":"post_tag","embeddable":true,"href":"https:\/\/infotorrent.es\/ca\/wp-json\/wp\/v2\/tags?post=13937"}],"curies":[{"name":"wp","href":"https:\/\/api.w.org\/{rel}","templated":true}]}}