{"id":13928,"date":"2021-04-14T08:00:21","date_gmt":"2021-04-14T08:00:21","guid":{"rendered":"https:\/\/infotorrent.es\/uncategorized\/torrent-completa-les-obres-per-a-facilitar-el-transit-de-vianants-en-lavinguda-al-vedat\/"},"modified":"2021-04-14T07:58:12","modified_gmt":"2021-04-14T07:58:12","slug":"torrent-completa-les-obres-per-a-facilitar-el-transit-de-vianants-en-lavinguda-al-vedat","status":"publish","type":"post","link":"https:\/\/infotorrent.es\/ca\/noticies\/torrent-completa-les-obres-per-a-facilitar-el-transit-de-vianants-en-lavinguda-al-vedat\/","title":{"rendered":"Torrent completa les obres per a facilitar el tr\u00e0nsit de vianants en l&#8217;avinguda al Vedat"},"content":{"rendered":"<p style=\"text-align: justify;\"><strong>El Pla d&#8217;Actuaci\u00f3 Municipal centra les seues actuacions en la renovaci\u00f3 i millora de l&#8217;accessibilitat en vies urbanes<\/strong><\/p>\n<p style=\"text-align: justify;\">\n<p style=\"text-align: justify;\">L&#8217;Ajuntament de Torrent ha posat en marxa un pla d&#8217;actuaci\u00f3 municipal centrat en actuacions de millora de l&#8217;accessibilitat en vies urbanes.<\/p>\n<p style=\"text-align: justify;\">En un primer paquet de mesures, acordades en la Comissi\u00f3 T\u00e8cnica Municipal d&#8217;Accessibilitat, s&#8217;han iniciat diverses obres amb l&#8217;objectiu de rebaixar les voreres de la ciutat a cota 0 i complir d&#8217;aquesta manera la normativa vigent.<\/p>\n<p style=\"text-align: justify;\">Aix\u00ed, l&#8217;avinguda al Vedat es convertir\u00e0 en una via totalment accessible, tant per les voreres com pel passeig central, de manera que les persones amb diversitat funcional tinguen m\u00e9s facilitat per a deambular per una de les art\u00e8ries principals de la ciutat.<\/p>\n<p style=\"text-align: justify;\">Aquesta intervenci\u00f3 continua la l\u00ednia tra\u00e7ada per l&#8217;Ajuntament de Torrent per a millorar l&#8217;accessibilitat en les diferents vies de la ciutat i se suma a altres actuacions en mat\u00e8ria d&#8217;accessibilitat, com les ja dutes a terme en altres passos de vianants de l&#8217;avinguda al Vedat, en la font de les Granotes, en la pla\u00e7a de la Llibertat o en edificis p\u00fablics.<\/p>\n<p style=\"text-align: justify;\">D&#8217;altra banda, amb el prop\u00f2sit de fer una ciutat m\u00e9s accessible, el consistori, a trav\u00e9s de l&#8217;\u00e0rea de Gesti\u00f3 de la Ciutat i Seguretat, ha impulsat un projecte d&#8217;ajudes per a la millora de l&#8217;accessibilitat en edificis residencials del municipi, amb el qual subvencionar\u00e0 el 50% del cost de les reformes dirigides al condicionament de rampes i a la instal\u00b7laci\u00f3 d&#8217;ascensors que permeten eliminar barreres f\u00edsiques.<\/p>\n<p>&nbsp;<\/p>\n<p>&nbsp;<\/p>\n<p>&nbsp;<\/p>\n<p><img fetchpriority=\"high\" decoding=\"async\" class=\" wp-image-43395 aligncenter\" src=\"https:\/\/www.infotorrent.es\/wp-content\/uploads\/2021\/04\/IMG_9413-scaled.jpg\" alt=\"\" width=\"224\" height=\"309\" \/><\/p>\n<p>&nbsp;<\/p>\n<p><img decoding=\"async\" class=\" wp-image-43393 aligncenter\" src=\"https:\/\/www.infotorrent.es\/wp-content\/uploads\/2021\/04\/IMG_9406-scaled.jpg\" alt=\"\" width=\"261\" height=\"469\" \/><\/p>\n","protected":false},"excerpt":{"rendered":"<p>El Pla d&#8217;Actuaci\u00f3 Municipal centra les seues actuacions en la renovaci\u00f3 i millora de l&#8217;accessibilitat en vies urbanes L&#8217;Ajuntament de Torrent ha posat en marxa un pla d&#8217;actuaci\u00f3 municipal centrat en actuacions de millora de l&#8217;accessibilitat en vies urbanes. En un primer paquet de mesures, acordades en la Comissi\u00f3 T\u00e8cnica Municipal d&#8217;Accessibilitat, s&#8217;han iniciat diverses [&hellip;]<\/p>\n","protected":false},"author":2,"featured_media":13930,"comment_status":"closed","ping_status":"open","sticky":false,"template":"","format":"standard","meta":{"_acf_changed":false,"footnotes":""},"categories":[116,133],"tags":[236],"class_list":["post-13928","post","type-post","status-publish","format-standard","has-post-thumbnail","hentry","category-noticies","category-urbanisme","tag-ajuntament-de-torrent"],"acf":[],"_links":{"self":[{"href":"https:\/\/infotorrent.es\/ca\/wp-json\/wp\/v2\/posts\/13928","targetHints":{"allow":["GET"]}}],"collection":[{"href":"https:\/\/infotorrent.es\/ca\/wp-json\/wp\/v2\/posts"}],"about":[{"href":"https:\/\/infotorrent.es\/ca\/wp-json\/wp\/v2\/types\/post"}],"author":[{"embeddable":true,"href":"https:\/\/infotorrent.es\/ca\/wp-json\/wp\/v2\/users\/2"}],"replies":[{"embeddable":true,"href":"https:\/\/infotorrent.es\/ca\/wp-json\/wp\/v2\/comments?post=13928"}],"version-history":[{"count":0,"href":"https:\/\/infotorrent.es\/ca\/wp-json\/wp\/v2\/posts\/13928\/revisions"}],"wp:featuredmedia":[{"embeddable":true,"href":"https:\/\/infotorrent.es\/ca\/wp-json\/wp\/v2\/media\/13930"}],"wp:attachment":[{"href":"https:\/\/infotorrent.es\/ca\/wp-json\/wp\/v2\/media?parent=13928"}],"wp:term":[{"taxonomy":"category","embeddable":true,"href":"https:\/\/infotorrent.es\/ca\/wp-json\/wp\/v2\/categories?post=13928"},{"taxonomy":"post_tag","embeddable":true,"href":"https:\/\/infotorrent.es\/ca\/wp-json\/wp\/v2\/tags?post=13928"}],"curies":[{"name":"wp","href":"https:\/\/api.w.org\/{rel}","templated":true}]}}