{"id":13854,"date":"2021-03-17T08:35:56","date_gmt":"2021-03-17T08:35:56","guid":{"rendered":"https:\/\/infotorrent.es\/uncategorized\/les-falleres-majors-de-torrent-protagonitzen-un-video-de-reconeixement-als-centres-de-majors-de-la-ciutat\/"},"modified":"2021-03-17T08:34:42","modified_gmt":"2021-03-17T08:34:42","slug":"les-falleres-majors-de-torrent-protagonitzen-un-video-de-reconeixement-als-centres-de-majors-de-la-ciutat","status":"publish","type":"post","link":"https:\/\/infotorrent.es\/ca\/noticies\/les-falleres-majors-de-torrent-protagonitzen-un-video-de-reconeixement-als-centres-de-majors-de-la-ciutat\/","title":{"rendered":"Les Falleres Majors de Torrent protagonitzen un v\u00eddeo de reconeixement als centres de majors de la ciutat"},"content":{"rendered":"<p style=\"text-align: justify;\">La Junta Local Fallera ha compartit un v\u00eddeo en el qual les Falleres Majors de la ciutat, Alicia Pallard\u00f3 Benavent i Sandra Peris Embuena, han volgut agrair el treball dels professionals durant la pand\u00e8mia i recon\u00e9ixer a les persones majors de la nostra ciutat, instant que s&#8217;impregnen de l&#8217;esperit festiu que caracteritza la celebraci\u00f3 de la nostra Festa. Amb el lema de \u201cA\u00e7\u00f2 tamb\u00e9 passar\u00e0\u201d, s&#8217;anima a continuar el cam\u00ed que ens ha de portar a la nova normalitat, per a unes persones que han sigut i s\u00f3n un exemple durant la pand\u00e8mia.<\/p>\n<p style=\"text-align: justify;\">Com en anteriors festivitats, la celebraci\u00f3 d&#8217;aquests dies ha d&#8217;adaptar-se a les actuals circumst\u00e0ncies, per\u00f2 aix\u00f2 en cap cas suposa que renunciem a celebrar i gaudir d&#8217;all\u00f2 que caracteritza aquesta setmana gran valenciana.<\/p>\n<p>&nbsp;<\/p>\n<p>&nbsp;<\/p>\n<p><img fetchpriority=\"high\" decoding=\"async\" class=\" wp-image-43175 aligncenter\" src=\"https:\/\/www.infotorrent.es\/wp-content\/uploads\/2021\/03\/Falleras.png\" alt=\"\" width=\"315\" height=\"207\" \/><\/p>\n","protected":false},"excerpt":{"rendered":"<p>La Junta Local Fallera ha compartit un v\u00eddeo en el qual les Falleres Majors de la ciutat, Alicia Pallard\u00f3 Benavent i Sandra Peris Embuena, han volgut agrair el treball dels professionals durant la pand\u00e8mia i recon\u00e9ixer a les persones majors de la nostra ciutat, instant que s&#8217;impregnen de l&#8217;esperit festiu que caracteritza la celebraci\u00f3 de [&hellip;]<\/p>\n","protected":false},"author":2,"featured_media":13856,"comment_status":"closed","ping_status":"open","sticky":false,"template":"","format":"standard","meta":{"_acf_changed":false,"footnotes":""},"categories":[126,116],"tags":[236],"class_list":["post-13854","post","type-post","status-publish","format-standard","has-post-thumbnail","hentry","category-cultura-es-2","category-noticies","tag-ajuntament-de-torrent"],"acf":[],"_links":{"self":[{"href":"https:\/\/infotorrent.es\/ca\/wp-json\/wp\/v2\/posts\/13854","targetHints":{"allow":["GET"]}}],"collection":[{"href":"https:\/\/infotorrent.es\/ca\/wp-json\/wp\/v2\/posts"}],"about":[{"href":"https:\/\/infotorrent.es\/ca\/wp-json\/wp\/v2\/types\/post"}],"author":[{"embeddable":true,"href":"https:\/\/infotorrent.es\/ca\/wp-json\/wp\/v2\/users\/2"}],"replies":[{"embeddable":true,"href":"https:\/\/infotorrent.es\/ca\/wp-json\/wp\/v2\/comments?post=13854"}],"version-history":[{"count":0,"href":"https:\/\/infotorrent.es\/ca\/wp-json\/wp\/v2\/posts\/13854\/revisions"}],"wp:featuredmedia":[{"embeddable":true,"href":"https:\/\/infotorrent.es\/ca\/wp-json\/wp\/v2\/media\/13856"}],"wp:attachment":[{"href":"https:\/\/infotorrent.es\/ca\/wp-json\/wp\/v2\/media?parent=13854"}],"wp:term":[{"taxonomy":"category","embeddable":true,"href":"https:\/\/infotorrent.es\/ca\/wp-json\/wp\/v2\/categories?post=13854"},{"taxonomy":"post_tag","embeddable":true,"href":"https:\/\/infotorrent.es\/ca\/wp-json\/wp\/v2\/tags?post=13854"}],"curies":[{"name":"wp","href":"https:\/\/api.w.org\/{rel}","templated":true}]}}