{"id":13833,"date":"2021-03-10T10:49:41","date_gmt":"2021-03-10T10:49:41","guid":{"rendered":"https:\/\/infotorrent.es\/uncategorized\/torrent-llanca-una-edicio-especial-de-la-revista-el-consell-de-la-gent-major\/"},"modified":"2021-03-10T10:48:28","modified_gmt":"2021-03-10T10:48:28","slug":"torrent-llanca-una-edicio-especial-de-la-revista-el-consell-de-la-gent-major","status":"publish","type":"post","link":"https:\/\/infotorrent.es\/ca\/noticias-2\/torrent-llanca-una-edicio-especial-de-la-revista-el-consell-de-la-gent-major\/","title":{"rendered":"Torrent llan\u00e7a una edici\u00f3 especial de la revista El Consell de la Gent Major"},"content":{"rendered":"<p style=\"text-align: justify;\">L&#8217;Ajuntament de Torrent ha publicat una edici\u00f3 especial de la revista <i>El Consell de la Gent Major<\/i>, en la qual s&#8217;arreplegen les experi\u00e8ncies viscudes per part dels nostres majors al llarg de la crisi de la COVID-19, aix\u00ed com les actuacions municipals que s&#8217;hi han dut a terme. En aquest aspecte, la publicaci\u00f3 destaca el paper essencial de les persones i dels col\u00b7lectius que han estat en primera l\u00ednia i aix\u00ed fer valdre la seua labor en una situaci\u00f3 d&#8217;emerg\u00e8ncia sanit\u00e0ria i social sense precedents recents.<span class=\"Apple-converted-space\">\u00a0<\/span><\/p>\n<p>&nbsp;<\/p>\n<p>Si vols saber m\u00e9s, clicka en el seg\u00fcent enlla\u00e7 i podr\u00e0s con\u00e8ixer m\u00e9s detalls a trav\u00e9s de la lectura de la revista: <span style=\"color: #000000;\"><a style=\"color: #000000;\" href=\"https:\/\/bit.ly\/3chjXh5\" target=\"_blank\" rel=\"noopener\">https:\/\/bit.ly\/3chjXh5<\/a><\/span><\/p>\n<p>&nbsp;<\/p>\n<p>&nbsp;<\/p>\n<p><img fetchpriority=\"high\" decoding=\"async\" class=\" wp-image-43106 aligncenter\" src=\"https:\/\/www.infotorrent.es\/wp-content\/uploads\/2021\/03\/Portada-elconsell.jpg\" alt=\"\" width=\"252\" height=\"560\" \/><\/p>\n","protected":false},"excerpt":{"rendered":"<p>L&#8217;Ajuntament de Torrent ha publicat una edici\u00f3 especial de la revista El Consell de la Gent Major, en la qual s&#8217;arreplegen les experi\u00e8ncies viscudes per part dels nostres majors al llarg de la crisi de la COVID-19, aix\u00ed com les actuacions municipals que s&#8217;hi han dut a terme. En aquest aspecte, la publicaci\u00f3 destaca el [&hellip;]<\/p>\n","protected":false},"author":2,"featured_media":13835,"comment_status":"closed","ping_status":"open","sticky":false,"template":"","format":"standard","meta":{"_acf_changed":false,"footnotes":""},"categories":[128,127],"tags":[236],"class_list":["post-13833","post","type-post","status-publish","format-standard","has-post-thumbnail","hentry","category-bienestar-social-2","category-noticias-2","tag-ajuntament-de-torrent"],"acf":[],"_links":{"self":[{"href":"https:\/\/infotorrent.es\/ca\/wp-json\/wp\/v2\/posts\/13833","targetHints":{"allow":["GET"]}}],"collection":[{"href":"https:\/\/infotorrent.es\/ca\/wp-json\/wp\/v2\/posts"}],"about":[{"href":"https:\/\/infotorrent.es\/ca\/wp-json\/wp\/v2\/types\/post"}],"author":[{"embeddable":true,"href":"https:\/\/infotorrent.es\/ca\/wp-json\/wp\/v2\/users\/2"}],"replies":[{"embeddable":true,"href":"https:\/\/infotorrent.es\/ca\/wp-json\/wp\/v2\/comments?post=13833"}],"version-history":[{"count":0,"href":"https:\/\/infotorrent.es\/ca\/wp-json\/wp\/v2\/posts\/13833\/revisions"}],"wp:featuredmedia":[{"embeddable":true,"href":"https:\/\/infotorrent.es\/ca\/wp-json\/wp\/v2\/media\/13835"}],"wp:attachment":[{"href":"https:\/\/infotorrent.es\/ca\/wp-json\/wp\/v2\/media?parent=13833"}],"wp:term":[{"taxonomy":"category","embeddable":true,"href":"https:\/\/infotorrent.es\/ca\/wp-json\/wp\/v2\/categories?post=13833"},{"taxonomy":"post_tag","embeddable":true,"href":"https:\/\/infotorrent.es\/ca\/wp-json\/wp\/v2\/tags?post=13833"}],"curies":[{"name":"wp","href":"https:\/\/api.w.org\/{rel}","templated":true}]}}