{"id":13827,"date":"2021-03-09T10:00:20","date_gmt":"2021-03-09T10:00:20","guid":{"rendered":"https:\/\/infotorrent.es\/uncategorized\/torrent-reobri-els-parcs-i-les-biblioteques-municipals\/"},"modified":"2021-03-09T09:59:13","modified_gmt":"2021-03-09T09:59:13","slug":"torrent-reobri-els-parcs-i-les-biblioteques-municipals","status":"publish","type":"post","link":"https:\/\/infotorrent.es\/ca\/noticies\/torrent-reobri-els-parcs-i-les-biblioteques-municipals\/","title":{"rendered":"Torrent reobri els parcs i les biblioteques municipals"},"content":{"rendered":"<p style=\"text-align: justify;\"><strong>El Centre de Coordinaci\u00f3 Operativa Municipal (CECOPAL) mant\u00e9 vigents algunes de les mesures contra la COVID-19 a Torrent fins al pr\u00f2xim 15 de mar\u00e7<span class=\"Apple-converted-space\">\u00a0<\/span><\/strong><\/p>\n<p>&nbsp;<\/p>\n<p style=\"text-align: justify;\">L&#8217;Ajuntament de Torrent ha donat a con\u00e9ixer el nou paquet de mesures adoptades contra la COVID-19 en clau municipal, despr\u00e9s de la reuni\u00f3 del Centre de Coordinaci\u00f3 Operativa Municipal (CECOPAL) d&#8217;aquest mat\u00ed. Aquestes mesures, que estaran en vigor fins dilluns que ve, 15 de mar\u00e7, data en la qual es tornar\u00e0 a reunir el CECOPAL per a reavaluar la situaci\u00f3,<span class=\"Apple-converted-space\">\u00a0 <\/span>donen continu\u00eftat a la desescalada progressiva de les restriccions iniciada per l&#8217;Ajuntament i la Generalitat Valenciana.<\/p>\n<p style=\"text-align: justify;\">Aix\u00ed, s&#8217;estableix la reobertura de parcs, jardins, zones de joc i \u00e0rees recreatives, aix\u00ed com de les biblioteques municipals, l&#8217;arxiu hist\u00f2ric i les sales d&#8217;exposicions; i la represa dels serveis de perruqueria, podologia i fisioter\u00e0pia individual, igual que les activitats dels horts en centres de serveis socials i les pr\u00e0ctiques curriculars en instal\u00b7lacions esportives i de formaci\u00f3 no reglada.<\/p>\n<p style=\"text-align: justify;\">En contrapartida, es prorroga fins al pr\u00f2xim 15 de mar\u00e7 la suspensi\u00f3 de les activitats i serveis dels centres recreatius de majors i de joves \u2013ludoteques, centres d&#8217;oci i entreteniment juvenil-; bars i cafeteries municipals, excepte les terrasses permeses per la normativa auton\u00f2mica; instal\u00b7lacions esportives municipals, excepte per al desenvolupament de les competicions estipulades en la normativa auton\u00f2mica i les pr\u00e0ctiques curriculars esmentades amb anterioritat; i activitats culturals i d&#8217;oci i temps lliure, a excepci\u00f3 de les relatives a l&#8217;Auditori de Torrent, les sales d&#8217;exposicions i formaci\u00f3 no reglada.<span class=\"Apple-converted-space\">\u00a0<\/span><\/p>\n<p style=\"text-align: justify;\">Aix\u00ed mateix, el consistori recomana a les associacions suspendre les activitats en les seus fins al 15 de mar\u00e7, per a analitzar el desenvolupament de la situaci\u00f3 despr\u00e9s de la posada en marxa d&#8217;aquestes noves mesures. Igualment, s&#8217;insta els torrentins i torrentines a complir amb les limitacions de mobilitat i activitats socials fins i tot vigents i a mantenir les mesures d&#8217;autoprotecci\u00f3.<\/p>\n<p>&nbsp;<\/p>\n<p>&nbsp;<\/p>\n<p>&nbsp;<\/p>\n<p><img fetchpriority=\"high\" decoding=\"async\" class=\" wp-image-43092 aligncenter\" src=\"https:\/\/www.infotorrent.es\/wp-content\/uploads\/2021\/03\/des.jpg\" alt=\"\" width=\"308\" height=\"254\" \/><\/p>\n","protected":false},"excerpt":{"rendered":"<p>El Centre de Coordinaci\u00f3 Operativa Municipal (CECOPAL) mant\u00e9 vigents algunes de les mesures contra la COVID-19 a Torrent fins al pr\u00f2xim 15 de mar\u00e7\u00a0 &nbsp; L&#8217;Ajuntament de Torrent ha donat a con\u00e9ixer el nou paquet de mesures adoptades contra la COVID-19 en clau municipal, despr\u00e9s de la reuni\u00f3 del Centre de Coordinaci\u00f3 Operativa Municipal (CECOPAL) [&hellip;]<\/p>\n","protected":false},"author":2,"featured_media":13829,"comment_status":"closed","ping_status":"open","sticky":false,"template":"","format":"standard","meta":{"_acf_changed":false,"footnotes":""},"categories":[126,116],"tags":[236],"class_list":["post-13827","post","type-post","status-publish","format-standard","has-post-thumbnail","hentry","category-cultura-es-2","category-noticies","tag-ajuntament-de-torrent"],"acf":[],"_links":{"self":[{"href":"https:\/\/infotorrent.es\/ca\/wp-json\/wp\/v2\/posts\/13827","targetHints":{"allow":["GET"]}}],"collection":[{"href":"https:\/\/infotorrent.es\/ca\/wp-json\/wp\/v2\/posts"}],"about":[{"href":"https:\/\/infotorrent.es\/ca\/wp-json\/wp\/v2\/types\/post"}],"author":[{"embeddable":true,"href":"https:\/\/infotorrent.es\/ca\/wp-json\/wp\/v2\/users\/2"}],"replies":[{"embeddable":true,"href":"https:\/\/infotorrent.es\/ca\/wp-json\/wp\/v2\/comments?post=13827"}],"version-history":[{"count":0,"href":"https:\/\/infotorrent.es\/ca\/wp-json\/wp\/v2\/posts\/13827\/revisions"}],"wp:featuredmedia":[{"embeddable":true,"href":"https:\/\/infotorrent.es\/ca\/wp-json\/wp\/v2\/media\/13829"}],"wp:attachment":[{"href":"https:\/\/infotorrent.es\/ca\/wp-json\/wp\/v2\/media?parent=13827"}],"wp:term":[{"taxonomy":"category","embeddable":true,"href":"https:\/\/infotorrent.es\/ca\/wp-json\/wp\/v2\/categories?post=13827"},{"taxonomy":"post_tag","embeddable":true,"href":"https:\/\/infotorrent.es\/ca\/wp-json\/wp\/v2\/tags?post=13827"}],"curies":[{"name":"wp","href":"https:\/\/api.w.org\/{rel}","templated":true}]}}