{"id":13791,"date":"2021-02-24T10:04:23","date_gmt":"2021-02-24T10:04:23","guid":{"rendered":"https:\/\/infotorrent.es\/uncategorized\/torrent-posa-en-marxa-un-programa-pilot-de-recollida-sectoritzada-de-poda\/"},"modified":"2021-02-24T10:03:07","modified_gmt":"2021-02-24T10:03:07","slug":"torrent-posa-en-marxa-un-programa-pilot-de-recollida-sectoritzada-de-poda","status":"publish","type":"post","link":"https:\/\/infotorrent.es\/ca\/noticies\/torrent-posa-en-marxa-un-programa-pilot-de-recollida-sectoritzada-de-poda\/","title":{"rendered":"Torrent posa en marxa un programa pilot de recollida sectoritzada de poda\u00a0"},"content":{"rendered":"<p style=\"text-align: justify;\"><strong>Les restes vegetals seran retirats cada setmana els dilluns i els dijous, a partir de les 7.00, en bosses de 50 litres o feixos de 50 cent\u00edmetres de di\u00e0metre i 1 metre de longitud, fins a un m\u00e0xim de 3 metres c\u00fabics<\/strong><\/p>\n<p>&nbsp;<\/p>\n<p style=\"text-align: justify;\">L&#8217;Ajuntament de Torrent posar\u00e0 en marxa, al llarg del mes de mar\u00e7, un programa pilot de recollida sectoritzada de restes de poda porta a porta, de manera que les restes vegetals seran retirats setmanalment en el seu sector els dilluns i dijous, excepte aquells que coincidisquen amb festius, a partir de les 7.00 hores. Aix\u00ed, les restes vegetals s&#8217;hauran de depositar a la porta de cada habitatge conforme a l&#8217;ordenan\u00e7a municipal, \u00e9s a dir, en bosses de 50 litres o feixos de 50 cent\u00edmetres de di\u00e0metre i 1 metre de longitud, fins a un m\u00e0xim de 3 metres c\u00fabics. Igualment, les restes podran depositar-se els dies previs a l&#8217;arreplegada \u2013diumenges i dimecres- a partir de les 20.00 hores.<span class=\"Apple-converted-space\">\u00a0<\/span><\/p>\n<p style=\"text-align: justify;\">Aix\u00ed mateix, amb la intenci\u00f3 de fomentar la comunicaci\u00f3 directa entre la ciutadania i l&#8217;Administraci\u00f3, la regidora de Gesti\u00f3 de la ciutat, Inma Amat, va enviar una carta dirigida als ve\u00efns i ve\u00efnes del sector 1, el qual compr\u00e8n carrers de les zones del Vedat, el Tros Alt i Muntanya-real, per a informar-los que el seu habitatge s&#8217;inclo\u00efa dins d&#8217;aquest sector i especificar-los els termes en els quals es produir\u00e0 aquesta actuaci\u00f3.<span class=\"Apple-converted-space\">\u00a0<\/span><\/p>\n<p>&nbsp;<\/p>\n<p>&nbsp;<\/p>\n<p>&nbsp;<\/p>\n<p><img fetchpriority=\"high\" decoding=\"async\" class=\" wp-image-42664 aligncenter\" src=\"https:\/\/www.infotorrent.es\/wp-content\/uploads\/2021\/02\/P\u00e1gina-_Poda-1.png\" alt=\"\" width=\"452\" height=\"628\" \/><\/p>\n","protected":false},"excerpt":{"rendered":"<p>Les restes vegetals seran retirats cada setmana els dilluns i els dijous, a partir de les 7.00, en bosses de 50 litres o feixos de 50 cent\u00edmetres de di\u00e0metre i 1 metre de longitud, fins a un m\u00e0xim de 3 metres c\u00fabics &nbsp; L&#8217;Ajuntament de Torrent posar\u00e0 en marxa, al llarg del mes de mar\u00e7, [&hellip;]<\/p>\n","protected":false},"author":2,"featured_media":13793,"comment_status":"closed","ping_status":"open","sticky":false,"template":"","format":"standard","meta":{"_acf_changed":false,"footnotes":""},"categories":[119,116],"tags":[236],"class_list":["post-13791","post","type-post","status-publish","format-standard","has-post-thumbnail","hentry","category-medi-ambient","category-noticies","tag-ajuntament-de-torrent"],"acf":[],"_links":{"self":[{"href":"https:\/\/infotorrent.es\/ca\/wp-json\/wp\/v2\/posts\/13791","targetHints":{"allow":["GET"]}}],"collection":[{"href":"https:\/\/infotorrent.es\/ca\/wp-json\/wp\/v2\/posts"}],"about":[{"href":"https:\/\/infotorrent.es\/ca\/wp-json\/wp\/v2\/types\/post"}],"author":[{"embeddable":true,"href":"https:\/\/infotorrent.es\/ca\/wp-json\/wp\/v2\/users\/2"}],"replies":[{"embeddable":true,"href":"https:\/\/infotorrent.es\/ca\/wp-json\/wp\/v2\/comments?post=13791"}],"version-history":[{"count":0,"href":"https:\/\/infotorrent.es\/ca\/wp-json\/wp\/v2\/posts\/13791\/revisions"}],"wp:featuredmedia":[{"embeddable":true,"href":"https:\/\/infotorrent.es\/ca\/wp-json\/wp\/v2\/media\/13793"}],"wp:attachment":[{"href":"https:\/\/infotorrent.es\/ca\/wp-json\/wp\/v2\/media?parent=13791"}],"wp:term":[{"taxonomy":"category","embeddable":true,"href":"https:\/\/infotorrent.es\/ca\/wp-json\/wp\/v2\/categories?post=13791"},{"taxonomy":"post_tag","embeddable":true,"href":"https:\/\/infotorrent.es\/ca\/wp-json\/wp\/v2\/tags?post=13791"}],"curies":[{"name":"wp","href":"https:\/\/api.w.org\/{rel}","templated":true}]}}