{"id":13755,"date":"2021-02-18T10:45:39","date_gmt":"2021-02-18T10:45:39","guid":{"rendered":"https:\/\/infotorrent.es\/uncategorized\/torrent-continua-amb-la-millora-de-laccessibilitat-de-lav-al-vedat\/"},"modified":"2021-02-18T10:47:08","modified_gmt":"2021-02-18T10:47:08","slug":"torrent-continua-amb-la-millora-de-laccessibilitat-de-lav-al-vedat","status":"publish","type":"post","link":"https:\/\/infotorrent.es\/ca\/noticies\/torrent-continua-amb-la-millora-de-laccessibilitat-de-lav-al-vedat\/","title":{"rendered":"Torrent continua millorant l&#8217;accessibilitat de l&#8217;avinguda al Vedat\u00a0"},"content":{"rendered":"<p style=\"text-align: justify;\">L&#8217;Ajuntament de Torrent, a trav\u00e9s de la Brigada d&#8217;Obres, ha posat en marxa les obres de millora de l&#8217;accessibilitat en la conflu\u00e8ncia entre l&#8217;avinguda al Vedat i els carrers de la Comare Pilar Mart\u00edn i de Genaro Palau, corresponents al primer paquet de mesures acordades en la Comissi\u00f3 T\u00e8cnica Municipal d&#8217;Accessibilitat \u2013formada per t\u00e8cnics de l&#8217;Ajuntament i ASIDIT-, amb l&#8217;objectiu de rebaixar les voreres de la ciutat a cota 0 i, aix\u00ed, complir la normativa vigent. En aquesta l\u00ednia, pr\u00f2ximament comen\u00e7aran les actuacions en els encreuaments de l&#8217;avinguda amb els carrers de la Constituci\u00f3, Champi Herreros i Reina Sofia, entre altres. Aix\u00ed, l&#8217;avinguda al Vedat es convertir\u00e0 en una via totalment accessible, tant per les voreres com pel passeig central, de manera que les persones amb diversitat funcional puguen circular amb m\u00e9s facilitat per una de les art\u00e8ries principals de la ciutat.<span class=\"Apple-converted-space\">\u00a0<\/span><\/p>\n<p style=\"text-align: justify;\">Aquesta intervenci\u00f3 continua la l\u00ednia tra\u00e7ada per l&#8217;Ajuntament de Torrent per a millorar l&#8217;accessibilitat en les diferents vies de la ciutat, i se suma a altres actuacions en mat\u00e8ria d&#8217;accessibilitat com les que s\u2019han dut a terme en altres passos de vianants de l&#8217;avinguda al Vedat, en la font de les Granotes, en la pla\u00e7a de la Llibertat o en edificis p\u00fablics, com el del mateix edifici consistorial, la Casa de la Dona i Serveis Socials.<span class=\"Apple-converted-space\">\u00a0<\/span><\/p>\n<p style=\"text-align: justify;\"><strong>Rampes i ascensors per als edificis de Torrent<\/strong><\/p>\n<p style=\"text-align: justify;\">Amb el prop\u00f2sit de facilitar la vida de la ciutadania i fer una ciutat m\u00e9s accessible, el consistori, a trav\u00e9s de l&#8217;\u00c0rea de Gesti\u00f3 de la Ciutat i Seguretat, va impulsar un projecte d&#8217;ajudes per a la millora de l&#8217;accessibilitat en edificis residencials del municipi, que subvenciona el 50% del cost de les diverses actuacions, focalitzades principalment en el condicionament de rampes i la instal\u00b7laci\u00f3 d&#8217;ascensors que permeten eliminar barreres f\u00edsiques.<span class=\"Apple-converted-space\">\u00a0<\/span><\/p>\n<p>&nbsp;<\/p>\n<p>&nbsp;<\/p>\n<p><img fetchpriority=\"high\" decoding=\"async\" class=\" wp-image-42461 aligncenter\" src=\"https:\/\/www.infotorrent.es\/wp-content\/uploads\/2021\/02\/WhatsApp-Image-2021-02-16-at-12.11.09.jpeg\" alt=\"\" width=\"294\" height=\"531\" \/><\/p>\n<p>&nbsp;<\/p>\n<p><img decoding=\"async\" class=\"wp-image-42459 aligncenter\" src=\"https:\/\/www.infotorrent.es\/wp-content\/uploads\/2021\/02\/WhatsApp-Image-2021-02-16-at-12.11.08.jpeg\" alt=\"\" width=\"235\" height=\"532\" \/><\/p>\n","protected":false},"excerpt":{"rendered":"<p>L&#8217;Ajuntament de Torrent, a trav\u00e9s de la Brigada d&#8217;Obres, ha posat en marxa les obres de millora de l&#8217;accessibilitat en la conflu\u00e8ncia entre l&#8217;avinguda al Vedat i els carrers de la Comare Pilar Mart\u00edn i de Genaro Palau, corresponents al primer paquet de mesures acordades en la Comissi\u00f3 T\u00e8cnica Municipal d&#8217;Accessibilitat \u2013formada per t\u00e8cnics de [&hellip;]<\/p>\n","protected":false},"author":2,"featured_media":13757,"comment_status":"closed","ping_status":"open","sticky":false,"template":"","format":"standard","meta":{"_acf_changed":false,"footnotes":""},"categories":[116,133],"tags":[236],"class_list":["post-13755","post","type-post","status-publish","format-standard","has-post-thumbnail","hentry","category-noticies","category-urbanisme","tag-ajuntament-de-torrent"],"acf":[],"_links":{"self":[{"href":"https:\/\/infotorrent.es\/ca\/wp-json\/wp\/v2\/posts\/13755","targetHints":{"allow":["GET"]}}],"collection":[{"href":"https:\/\/infotorrent.es\/ca\/wp-json\/wp\/v2\/posts"}],"about":[{"href":"https:\/\/infotorrent.es\/ca\/wp-json\/wp\/v2\/types\/post"}],"author":[{"embeddable":true,"href":"https:\/\/infotorrent.es\/ca\/wp-json\/wp\/v2\/users\/2"}],"replies":[{"embeddable":true,"href":"https:\/\/infotorrent.es\/ca\/wp-json\/wp\/v2\/comments?post=13755"}],"version-history":[{"count":0,"href":"https:\/\/infotorrent.es\/ca\/wp-json\/wp\/v2\/posts\/13755\/revisions"}],"wp:featuredmedia":[{"embeddable":true,"href":"https:\/\/infotorrent.es\/ca\/wp-json\/wp\/v2\/media\/13757"}],"wp:attachment":[{"href":"https:\/\/infotorrent.es\/ca\/wp-json\/wp\/v2\/media?parent=13755"}],"wp:term":[{"taxonomy":"category","embeddable":true,"href":"https:\/\/infotorrent.es\/ca\/wp-json\/wp\/v2\/categories?post=13755"},{"taxonomy":"post_tag","embeddable":true,"href":"https:\/\/infotorrent.es\/ca\/wp-json\/wp\/v2\/tags?post=13755"}],"curies":[{"name":"wp","href":"https:\/\/api.w.org\/{rel}","templated":true}]}}