{"id":13749,"date":"2021-02-11T11:24:55","date_gmt":"2021-02-11T11:24:55","guid":{"rendered":"https:\/\/infotorrent.es\/uncategorized\/lajuntament-de-torrent-es-reuneix-amb-conselleria-per-a-trobar-una-solucio-a-les-families-afectades-pel-venciment-del-contracte-de-lloguer-amb-la-sareb\/"},"modified":"2021-02-11T11:22:25","modified_gmt":"2021-02-11T11:22:25","slug":"lajuntament-de-torrent-es-reuneix-amb-conselleria-per-a-trobar-una-solucio-a-les-families-afectades-pel-venciment-del-contracte-de-lloguer-amb-la-sareb","status":"publish","type":"post","link":"https:\/\/infotorrent.es\/ca\/noticies\/lajuntament-de-torrent-es-reuneix-amb-conselleria-per-a-trobar-una-solucio-a-les-families-afectades-pel-venciment-del-contracte-de-lloguer-amb-la-sareb\/","title":{"rendered":"L&#8217;Ajuntament de Torrent es reuneix amb Conselleria per a trobar una soluci\u00f3 a les fam\u00edlies afectades pel venciment del contracte de lloguer amb la SAREB"},"content":{"rendered":"<p style=\"text-align: justify;\"><strong>L&#8217;alcalde Jes\u00fas Ros s\u2019ha reunit amb el conseller d&#8217;Habitatge, Rub\u00e9n Mart\u00ednez Dalmau, per a estudiar les alternatives i tra\u00e7ar una l\u00ednia d&#8217;actuaci\u00f3 conjunta<\/strong><\/p>\n<p style=\"text-align: justify;\">L&#8217;alcalde Jes\u00fas Ros ha tingut una reuni\u00f3 aquest mat\u00ed en la sala de plens del consistori torrent\u00ed amb el vicepresident de la Generalitat i conseller d&#8217;Habitatge, Rub\u00e9n Mart\u00ednez Dalmau, per a estudiar les vies i alternatives possibles perqu\u00e8 la Societat de Gesti\u00f3 d&#8217;Actius Procedents de la Reestructuraci\u00f3 Banc\u00e0ria (SAREB) prolongue el contracte de lloguer de les persones afectades pel seu venciment. Aix\u00ed mateix, en la reuni\u00f3 tamb\u00e9 hi han participat el secretari auton\u00f2mic d&#8217;Habitatge, C\u00e9sar Jim\u00e9nez, la directora general d&#8217;Emerg\u00e8ncia Habitacional, Pura Peris, el regidor d&#8217;Habitatge, Francisco Jos\u00e9 Arnau, i el representant de l&#8217;Oficina Municipal d&#8217;Habitatge, Agust\u00edn Dami\u00e0.<span class=\"Apple-converted-space\">\u00a0<\/span><\/p>\n<p style=\"text-align: justify;\">D&#8217;igual manera, l&#8217;Ajuntament de Torrent, a trav\u00e9s de l&#8217;empresa municipal Nous Espais i en col\u00b7laboraci\u00f3 amb la Conselleria d&#8217;Habitatge, s&#8217;ha posat en contacte amb ve\u00efns dels pisos VPO dels carrers de la Mare de D\u00e9u del Bon Consell i Malva-rosa i amb la SAREB per a fer de mitjancer entre les<span class=\"Apple-converted-space\">\u00a0 <\/span>dues parts. <strong>\u201cTreballarem al costat de la Conselleria per a trobar solucions davant el venciment dels contractes de lloguer d&#8217;aquestes fam\u00edlies amb la SAREB i estudiarem totes les vies i alternatives possibles per a aconseguir que es prolonguen els contractes\u201d<\/strong>, assenyala l&#8217;alcalde Jes\u00fas Ros.<\/p>\n<p style=\"text-align: justify;\">Per part seua, el regidor d&#8217;Habitatge, Francisco Jos\u00e9 Arnau, ha manifestat que <strong>\u201cja s&#8217;ha contactat amb alguns ve\u00efns -i es continuar\u00e0 informant-ne la resta en els pr\u00f2xims dies- d&#8217;aquests habitatges per a traslladar-los tot el suport per part del consistori i posar a la seua disposici\u00f3 el servei d&#8217;intermediaci\u00f3 de Nous Espais\u201d<\/strong>.<span class=\"Apple-converted-space\">\u00a0<\/span><\/p>\n<p style=\"text-align: justify;\">Despr\u00e9s de les primeres converses, s&#8217;ha garantit la pr\u00f2rroga dels lloguers sobre la base del que especifica el Reial decret llei 11\/2020, de 31 de mar\u00e7, pel qual es poden adoptar mesures urgents complement\u00e0ries en l&#8217;\u00e0mbit social i econ\u00f2mic per a fer front a la COVID-19. De manera que, a curt termini, les fam\u00edlies puguen quedar-se en els seus habitatges, mentre es troben les solucions pertinents per al futur a mitj\u00e0 i llarg termini.<span class=\"Apple-converted-space\">\u00a0<\/span><\/p>\n<p>&nbsp;<\/p>\n<p>&nbsp;<\/p>\n<p>&nbsp;<\/p>\n<p><img fetchpriority=\"high\" decoding=\"async\" class=\"wp-image-42448 aligncenter\" src=\"https:\/\/www.infotorrent.es\/wp-content\/uploads\/2021\/02\/Consejero-Territorial.jpg\" alt=\"\" width=\"382\" height=\"279\" \/><\/p>\n","protected":false},"excerpt":{"rendered":"<p>L&#8217;alcalde Jes\u00fas Ros s\u2019ha reunit amb el conseller d&#8217;Habitatge, Rub\u00e9n Mart\u00ednez Dalmau, per a estudiar les alternatives i tra\u00e7ar una l\u00ednia d&#8217;actuaci\u00f3 conjunta L&#8217;alcalde Jes\u00fas Ros ha tingut una reuni\u00f3 aquest mat\u00ed en la sala de plens del consistori torrent\u00ed amb el vicepresident de la Generalitat i conseller d&#8217;Habitatge, Rub\u00e9n Mart\u00ednez Dalmau, per a estudiar [&hellip;]<\/p>\n","protected":false},"author":2,"featured_media":13751,"comment_status":"closed","ping_status":"open","sticky":false,"template":"","format":"standard","meta":{"_acf_changed":false,"footnotes":""},"categories":[129,116],"tags":[236],"class_list":["post-13749","post","type-post","status-publish","format-standard","has-post-thumbnail","hentry","category-economia-es-2","category-noticies","tag-ajuntament-de-torrent"],"acf":[],"_links":{"self":[{"href":"https:\/\/infotorrent.es\/ca\/wp-json\/wp\/v2\/posts\/13749","targetHints":{"allow":["GET"]}}],"collection":[{"href":"https:\/\/infotorrent.es\/ca\/wp-json\/wp\/v2\/posts"}],"about":[{"href":"https:\/\/infotorrent.es\/ca\/wp-json\/wp\/v2\/types\/post"}],"author":[{"embeddable":true,"href":"https:\/\/infotorrent.es\/ca\/wp-json\/wp\/v2\/users\/2"}],"replies":[{"embeddable":true,"href":"https:\/\/infotorrent.es\/ca\/wp-json\/wp\/v2\/comments?post=13749"}],"version-history":[{"count":0,"href":"https:\/\/infotorrent.es\/ca\/wp-json\/wp\/v2\/posts\/13749\/revisions"}],"wp:featuredmedia":[{"embeddable":true,"href":"https:\/\/infotorrent.es\/ca\/wp-json\/wp\/v2\/media\/13751"}],"wp:attachment":[{"href":"https:\/\/infotorrent.es\/ca\/wp-json\/wp\/v2\/media?parent=13749"}],"wp:term":[{"taxonomy":"category","embeddable":true,"href":"https:\/\/infotorrent.es\/ca\/wp-json\/wp\/v2\/categories?post=13749"},{"taxonomy":"post_tag","embeddable":true,"href":"https:\/\/infotorrent.es\/ca\/wp-json\/wp\/v2\/tags?post=13749"}],"curies":[{"name":"wp","href":"https:\/\/api.w.org\/{rel}","templated":true}]}}