{"id":13684,"date":"2021-01-22T08:26:21","date_gmt":"2021-01-22T08:26:21","guid":{"rendered":"https:\/\/infotorrent.es\/uncategorized\/en-marxa-les-obres-de-millora-del-carrer-de-federico-maicas\/"},"modified":"2021-01-22T08:25:01","modified_gmt":"2021-01-22T08:25:01","slug":"en-marxa-les-obres-de-millora-del-carrer-de-federico-maicas","status":"publish","type":"post","link":"https:\/\/infotorrent.es\/ca\/noticies\/en-marxa-les-obres-de-millora-del-carrer-de-federico-maicas\/","title":{"rendered":"En marxa les obres de millora del carrer de Federico Maicas"},"content":{"rendered":"<p style=\"text-align: justify;\"><strong>Les actuacions, que formen part del Pla de Reurbanitzaci\u00f3 de Vies P\u00fabliques, preveuen la repavimentaci\u00f3 de la vorera i la renovaci\u00f3 de la xarxa d&#8217;aigua potable i de les connexions de sanejament<\/strong><\/p>\n<p style=\"text-align: justify;\">\n<p style=\"text-align: justify;\">L&#8217;Ajuntament de Torrent va iniciar el passat 11 de gener les obres del carrer de Federico Maicas corresponents a la primera fase del Pla de Reurbanitzaci\u00f3 de Vies P\u00fabliques, l&#8217;objectiu de les quals \u00e9s produir un impacte positiu en la vida dels ve\u00efns i ve\u00efnes de la zona gr\u00e0cies a la renovaci\u00f3 de l&#8217;entramat urb\u00e0 del costat imparell de la vorera, que necessitava una intervenci\u00f3 amb un car\u00e0cter m\u00e9s urgent. En aquest aspecte, la regidora de Gesti\u00f3 de la Ciutat i Seguretat, Inma Amat, ha destacat el comprom\u00eds del consistori per <strong>\u201ccontinuar invertint en la regeneraci\u00f3 dels barris de Torrent i renovar aix\u00ed les xarxes de serveis p\u00fablics, i convertir els nostres carrers en espais m\u00e9s amables, accessibles i segurs per a tots els torrentins i torrentines\u201d<\/strong>.<\/p>\n<p style=\"text-align: justify;\">D&#8217;aquesta manera, la intervenci\u00f3 iniciada al carrer de Federico Maicas \u2013empla\u00e7ada en el tram compr\u00e9s entre el carrer de la Benem\u00e8rita Gu\u00e0rdia Civil i el carrer del Salvador- preveu les actuacions seg\u00fcents: la repavimentaci\u00f3 de la vorera i la renovaci\u00f3 de la xarxa d&#8217;aigua potable i de les connexions de sanejament. Aix\u00ed mateix, el termini d&#8217;execuci\u00f3 previst \u00e9s de dos mesos, per\u00edode durant el qual estar\u00e0 restringit el tr\u00e0nsit en la zona \u2013excepte per al ve\u00efnat.<\/p>\n<p>&nbsp;<\/p>\n<p>&nbsp;<\/p>\n<p style=\"text-align: justify;\"><img fetchpriority=\"high\" decoding=\"async\" class=\" wp-image-42243 aligncenter\" src=\"https:\/\/www.infotorrent.es\/wp-content\/uploads\/2021\/01\/Federico-Maicas-scaled.jpg\" alt=\"\" width=\"608\" height=\"659\" \/><\/p>\n","protected":false},"excerpt":{"rendered":"<p>Les actuacions, que formen part del Pla de Reurbanitzaci\u00f3 de Vies P\u00fabliques, preveuen la repavimentaci\u00f3 de la vorera i la renovaci\u00f3 de la xarxa d&#8217;aigua potable i de les connexions de sanejament L&#8217;Ajuntament de Torrent va iniciar el passat 11 de gener les obres del carrer de Federico Maicas corresponents a la primera fase del [&hellip;]<\/p>\n","protected":false},"author":2,"featured_media":13686,"comment_status":"closed","ping_status":"open","sticky":false,"template":"","format":"standard","meta":{"_acf_changed":false,"footnotes":""},"categories":[116,133],"tags":[236],"class_list":["post-13684","post","type-post","status-publish","format-standard","has-post-thumbnail","hentry","category-noticies","category-urbanisme","tag-ajuntament-de-torrent"],"acf":[],"_links":{"self":[{"href":"https:\/\/infotorrent.es\/ca\/wp-json\/wp\/v2\/posts\/13684","targetHints":{"allow":["GET"]}}],"collection":[{"href":"https:\/\/infotorrent.es\/ca\/wp-json\/wp\/v2\/posts"}],"about":[{"href":"https:\/\/infotorrent.es\/ca\/wp-json\/wp\/v2\/types\/post"}],"author":[{"embeddable":true,"href":"https:\/\/infotorrent.es\/ca\/wp-json\/wp\/v2\/users\/2"}],"replies":[{"embeddable":true,"href":"https:\/\/infotorrent.es\/ca\/wp-json\/wp\/v2\/comments?post=13684"}],"version-history":[{"count":0,"href":"https:\/\/infotorrent.es\/ca\/wp-json\/wp\/v2\/posts\/13684\/revisions"}],"wp:featuredmedia":[{"embeddable":true,"href":"https:\/\/infotorrent.es\/ca\/wp-json\/wp\/v2\/media\/13686"}],"wp:attachment":[{"href":"https:\/\/infotorrent.es\/ca\/wp-json\/wp\/v2\/media?parent=13684"}],"wp:term":[{"taxonomy":"category","embeddable":true,"href":"https:\/\/infotorrent.es\/ca\/wp-json\/wp\/v2\/categories?post=13684"},{"taxonomy":"post_tag","embeddable":true,"href":"https:\/\/infotorrent.es\/ca\/wp-json\/wp\/v2\/tags?post=13684"}],"curies":[{"name":"wp","href":"https:\/\/api.w.org\/{rel}","templated":true}]}}