{"id":13677,"date":"2021-01-19T10:22:04","date_gmt":"2021-01-19T10:22:04","guid":{"rendered":"https:\/\/infotorrent.es\/uncategorized\/comencen-les-obres-de-millora-del-carrer-nicolas-andreu\/"},"modified":"2021-01-19T10:31:17","modified_gmt":"2021-01-19T10:31:17","slug":"comencen-les-obres-de-millora-del-carrer-nicolas-andreu","status":"publish","type":"post","link":"https:\/\/infotorrent.es\/ca\/noticies\/comencen-les-obres-de-millora-del-carrer-nicolas-andreu\/","title":{"rendered":"Comencen les obres de millora del carrer Nicol\u00e1s Andreu"},"content":{"rendered":"<p style=\"text-align: justify;\"><strong>Les actuacions, incloses en el \u2018Pla de reurbanitzaci\u00f3 de vies p\u00fabliques\u2019, tenen un termini previst de duraci\u00f3 de quatre mesos<\/strong><\/p>\n<p style=\"text-align: justify;\">L&#8217;Ajuntament de Torrent ha posat en marxa, hui, les obres del carrer Nicol\u00e1s Andreu corresponents al \u2018Pla de reurbanitzaci\u00f3 de vies p\u00fabliques\u2019, que contempla les seg\u00fcents actuacions: l&#8217;ampliaci\u00f3 i repavimentaci\u00f3n de les voreres, millorant les zones per als vianants i la seua seguretat; la renovaci\u00f3 de les escomeses de sanejament, de manera que millore el drenatge d&#8217;aquestes i la seua capacitat; la renovaci\u00f3 de la xarxa d&#8217;aigua potable, aix\u00ed com la retirada de la xarxa actual de fibrociment; i, finalment, el reasfaltado de la cal\u00e7ada de la via. La intervenci\u00f3, que t\u00e9 un termini previst de 4 mesos, estar\u00e0 a c\u00e0rrec de l&#8217;empresa UORCONF S.L.,<\/p>\n<p style=\"text-align: justify;\">Aix\u00ed mateix, amb la intenci\u00f3 de fomentar la comunicaci\u00f3 directa entre la ciutadania i l&#8217;Administraci\u00f3, la regidora de Gesti\u00f3 de la Ciutat, Inma Amat, va enviar el passat 29 de desembre una carta dirigida als ve\u00efns de la zona per a informar-los de la situaci\u00f3 i disculpar-se per endavant per les mol\u00e8sties que els puguen ocasionar durant el transcurs d&#8217;aquestes. A m\u00e9s d&#8217;especificar-los diferents vies per a establir contacte si tenen algun dubte o necessiten obtindre qualsevol informaci\u00f3.<\/p>\n<p>&nbsp;<\/p>\n<p>&nbsp;<\/p>\n<p><img fetchpriority=\"high\" decoding=\"async\" class=\"size-full wp-image-42215 aligncenter\" src=\"https:\/\/www.infotorrent.es\/wp-content\/uploads\/2021\/01\/IMG_7728.jpg\" alt=\"\" width=\"2560\" height=\"1707\" \/><\/p>\n","protected":false},"excerpt":{"rendered":"<p>Les actuacions, incloses en el \u2018Pla de reurbanitzaci\u00f3 de vies p\u00fabliques\u2019, tenen un termini previst de duraci\u00f3 de quatre mesos L&#8217;Ajuntament de Torrent ha posat en marxa, hui, les obres del carrer Nicol\u00e1s Andreu corresponents al \u2018Pla de reurbanitzaci\u00f3 de vies p\u00fabliques\u2019, que contempla les seg\u00fcents actuacions: l&#8217;ampliaci\u00f3 i repavimentaci\u00f3n de les voreres, millorant les [&hellip;]<\/p>\n","protected":false},"author":2,"featured_media":13679,"comment_status":"closed","ping_status":"open","sticky":false,"template":"","format":"standard","meta":{"_acf_changed":false,"footnotes":""},"categories":[116,133],"tags":[236],"class_list":["post-13677","post","type-post","status-publish","format-standard","has-post-thumbnail","hentry","category-noticies","category-urbanisme","tag-ajuntament-de-torrent"],"acf":[],"_links":{"self":[{"href":"https:\/\/infotorrent.es\/ca\/wp-json\/wp\/v2\/posts\/13677","targetHints":{"allow":["GET"]}}],"collection":[{"href":"https:\/\/infotorrent.es\/ca\/wp-json\/wp\/v2\/posts"}],"about":[{"href":"https:\/\/infotorrent.es\/ca\/wp-json\/wp\/v2\/types\/post"}],"author":[{"embeddable":true,"href":"https:\/\/infotorrent.es\/ca\/wp-json\/wp\/v2\/users\/2"}],"replies":[{"embeddable":true,"href":"https:\/\/infotorrent.es\/ca\/wp-json\/wp\/v2\/comments?post=13677"}],"version-history":[{"count":0,"href":"https:\/\/infotorrent.es\/ca\/wp-json\/wp\/v2\/posts\/13677\/revisions"}],"wp:featuredmedia":[{"embeddable":true,"href":"https:\/\/infotorrent.es\/ca\/wp-json\/wp\/v2\/media\/13679"}],"wp:attachment":[{"href":"https:\/\/infotorrent.es\/ca\/wp-json\/wp\/v2\/media?parent=13677"}],"wp:term":[{"taxonomy":"category","embeddable":true,"href":"https:\/\/infotorrent.es\/ca\/wp-json\/wp\/v2\/categories?post=13677"},{"taxonomy":"post_tag","embeddable":true,"href":"https:\/\/infotorrent.es\/ca\/wp-json\/wp\/v2\/tags?post=13677"}],"curies":[{"name":"wp","href":"https:\/\/api.w.org\/{rel}","templated":true}]}}