{"id":13674,"date":"2021-01-19T13:13:46","date_gmt":"2021-01-19T13:13:46","guid":{"rendered":"https:\/\/infotorrent.es\/uncategorized\/torrent-uneix-forces-amb-diverses-ciutats-europees-per-a-elaborar-un-pla-daccio-contra-la-covid-19\/"},"modified":"2021-01-19T13:15:59","modified_gmt":"2021-01-19T13:15:59","slug":"torrent-uneix-forces-amb-diverses-ciutats-europees-per-a-elaborar-un-pla-daccio-contra-la-covid-19","status":"publish","type":"post","link":"https:\/\/infotorrent.es\/ca\/noticies\/torrent-uneix-forces-amb-diverses-ciutats-europees-per-a-elaborar-un-pla-daccio-contra-la-covid-19\/","title":{"rendered":"Torrent uneix forces amb diverses ciutats europees per a elaborar un Pla d&#8217;Acci\u00f3 contra la COVID-19"},"content":{"rendered":"<p style=\"text-align: justify;\"><strong>El regidor de Recursos i Modernitzaci\u00f3, Andr\u00e9s Campos, va participar dijous passat en una trobada desenvolupada per la Xarxa Europea de Coneixement Urb\u00e0 per a analitzar la situaci\u00f3 sanit\u00e0ria <\/strong><\/p>\n<p style=\"text-align: justify;\"><strong>Torrent va ser una de les sis ciutats triades per a per a participar en aquesta iniciativa, integrada en la s\u00e8rie de trobades \u2018Pensar m\u00e9s enll\u00e0 de la crisi\u2019<\/strong><\/p>\n<p>L&#8217;Ajuntament de Torrent va participar dijous passat, dia 14 de gener, en una trobada digital desenvolupada per la Xarxa Europea de Coneixement Urb\u00e0 (EUKN), amb l&#8217;objectiu d&#8217;explorar l&#8217;impacte del COVID-19 als pa\u00efsos membres de l&#8217;EUKN, analitzar les accions de resposta aplicades en les diferents ciutats europees des de la perspectiva de la \u2018salut urbana\u2019, traslladar estrat\u00e8gies per a elaborar recomanacions pr\u00e0ctiques i Plans d&#8217;Acci\u00f3 i, finalment, identificar l\u00ednies d&#8217;actuaci\u00f3 que els municipis espanyols puguen adaptar en el marc de l&#8217;Agenda Urbana Espanyola (AUE).<\/p>\n<p style=\"text-align: justify;\"><strong>\u201cAquesta \u00e9s una oportunitat per a crear aliances estrat\u00e8giques amb altres ciutats europees, compartint experi\u00e8ncies i iniciatives que servisquen, en definitiva, per a millorar l&#8217;administraci\u00f3, acostant-la a la ciutadania, amb la finalitat de resoldre els seus problemes\u201d<\/strong>, va assenyalar el regidor Recursos i Modernitzaci\u00f3, Andr\u00e9s Campos., respecte a l&#8217;elecci\u00f3 de Torrent com una de les sis ciutats triades per a participar en aquesta iniciativa, integrada en la s\u00e8rie de trobades \u2018Pensar m\u00e9s enll\u00e0 de la crisi\u2019 organitzada per l&#8217;EUKN.<\/p>\n<p>D&#8217;aquesta manera, en la primera part de la trobada, quatre experts van aprofundir en el concepte de \u2018salut urbana\u2019 -el qual ha sigut reformulat arran de la crisi sanit\u00e0ria- i van presentar les experi\u00e8ncies que han tingut en les seues respectives ciutats. A continuaci\u00f3, en la segona part, es va procedir a formar grups de treball per a abordar la situaci\u00f3 sanit\u00e0ria des de diverses tem\u00e0tiques: mobilitat i transports sostenibles, salut i plantejament urb\u00e0, desigualtat i dimensi\u00f3 social i pol\u00edtiques urbanes nacionals.<\/p>\n<p>&nbsp;<\/p>\n<p>&nbsp;<\/p>\n<p><img fetchpriority=\"high\" decoding=\"async\" class=\"size-full wp-image-42200 aligncenter\" src=\"https:\/\/www.infotorrent.es\/wp-content\/uploads\/2021\/01\/Captura-de-pantalla-2021-01-18-142700.png\" alt=\"\" width=\"1425\" height=\"801\" \/><\/p>\n<p>&nbsp;<\/p>\n<p><img decoding=\"async\" class=\"size-full wp-image-42198 aligncenter\" src=\"https:\/\/www.infotorrent.es\/wp-content\/uploads\/2021\/01\/2021-01-14-11_11_59-Zoom-Reuni\u00f3n.jpg\" alt=\"\" width=\"991\" height=\"677\" \/><\/p>\n","protected":false},"excerpt":{"rendered":"<p>El regidor de Recursos i Modernitzaci\u00f3, Andr\u00e9s Campos, va participar dijous passat en una trobada desenvolupada per la Xarxa Europea de Coneixement Urb\u00e0 per a analitzar la situaci\u00f3 sanit\u00e0ria Torrent va ser una de les sis ciutats triades per a per a participar en aquesta iniciativa, integrada en la s\u00e8rie de trobades \u2018Pensar m\u00e9s enll\u00e0 [&hellip;]<\/p>\n","protected":false},"author":2,"featured_media":13676,"comment_status":"closed","ping_status":"open","sticky":false,"template":"","format":"standard","meta":{"_acf_changed":false,"footnotes":""},"categories":[116,151],"tags":[236],"class_list":["post-13674","post","type-post","status-publish","format-standard","has-post-thumbnail","hentry","category-noticies","category-sanitat","tag-ajuntament-de-torrent"],"acf":[],"_links":{"self":[{"href":"https:\/\/infotorrent.es\/ca\/wp-json\/wp\/v2\/posts\/13674","targetHints":{"allow":["GET"]}}],"collection":[{"href":"https:\/\/infotorrent.es\/ca\/wp-json\/wp\/v2\/posts"}],"about":[{"href":"https:\/\/infotorrent.es\/ca\/wp-json\/wp\/v2\/types\/post"}],"author":[{"embeddable":true,"href":"https:\/\/infotorrent.es\/ca\/wp-json\/wp\/v2\/users\/2"}],"replies":[{"embeddable":true,"href":"https:\/\/infotorrent.es\/ca\/wp-json\/wp\/v2\/comments?post=13674"}],"version-history":[{"count":0,"href":"https:\/\/infotorrent.es\/ca\/wp-json\/wp\/v2\/posts\/13674\/revisions"}],"wp:featuredmedia":[{"embeddable":true,"href":"https:\/\/infotorrent.es\/ca\/wp-json\/wp\/v2\/media\/13676"}],"wp:attachment":[{"href":"https:\/\/infotorrent.es\/ca\/wp-json\/wp\/v2\/media?parent=13674"}],"wp:term":[{"taxonomy":"category","embeddable":true,"href":"https:\/\/infotorrent.es\/ca\/wp-json\/wp\/v2\/categories?post=13674"},{"taxonomy":"post_tag","embeddable":true,"href":"https:\/\/infotorrent.es\/ca\/wp-json\/wp\/v2\/tags?post=13674"}],"curies":[{"name":"wp","href":"https:\/\/api.w.org\/{rel}","templated":true}]}}