{"id":13573,"date":"2020-12-17T10:19:19","date_gmt":"2020-12-17T10:19:19","guid":{"rendered":"https:\/\/infotorrent.es\/uncategorized\/salvador-lauder-i-isabel-garcia-canet-guanyadors-dels-premis-literaris-ciutat-de-torrent\/"},"modified":"2020-12-17T10:17:15","modified_gmt":"2020-12-17T10:17:15","slug":"salvador-lauder-i-isabel-garcia-canet-guanyadors-dels-premis-literaris-ciutat-de-torrent","status":"publish","type":"post","link":"https:\/\/infotorrent.es\/ca\/noticies\/salvador-lauder-i-isabel-garcia-canet-guanyadors-dels-premis-literaris-ciutat-de-torrent\/","title":{"rendered":"Salvador Lauder i Isabel Garc\u00eda Canet, guanyadors dels Premis Literaris Ciutat de Torrent"},"content":{"rendered":"<p style=\"text-align: justify;\"><strong>L&#8217;Ajuntament de Torrent ha acollit l&#8217;acte de lliurament dels guardons del XVIII Premi de Narrativa Juvenil i XI Premi de Poesia, premiats amb 12.000\u20ac per al guanyador de la categoria de narrativa i amb 3.000\u20ac per a la vencedora en l&#8217;apartat de poesia<\/strong><\/p>\n<p style=\"text-align: justify;\">La sala de plens de l&#8217;Ajuntament ha acollit este mat\u00ed, en un acte protocol\u00b7lari i sense p\u00fablic davant la situaci\u00f3 sanit\u00e0ria que vivim,<span class=\"Apple-converted-space\">\u00a0 <\/span>el lliurament dels Premis Literaris Ciutat de Torrent, el certamen anual organitzat per l&#8217;Oficina de Promoci\u00f3 i \u00das del Valenci\u00e0 amb l&#8217;objectiu de <strong>\u201cnormalitzar i promoure la literatura en valenci\u00e0, de manera que els escriptors i escriptores en la nostra llengua tinguen una possibilitat m\u00e9s per a publicar i editar les seues obres\u201d<\/strong>, explica la regidora d&#8217;Educaci\u00f3 i Dinamitzaci\u00f3 Ling\u00fc\u00edstica, Patricia S\u00e1ez. Aix\u00ed, la guanyadora de l&#8217;XI Premi de Poesia, Isabel Garc\u00eda Canet, ha rebut un xec per valor de 3.000 euros pel seu poemari <i>La llum del buit<\/i>; mentre que el vencedor del XVIII Premi de Narrativa Juvenil, Salvador Lauder Mart\u00ednez, ha sigut guardonat amb 12.000 euros per l\u2019obra <i>Parents llunyans<\/i>. Igualment, Maurici Belmonte Monar ha sigut premiat amb 1.800 euros per haver sigut triat com a finalista en la categoria de narrativa juvenil amb <i>Nawfal, espera\u2019m<\/i>.<span class=\"Apple-converted-space\">\u00a0<\/span><\/p>\n<p style=\"text-align: justify;\">La convocat\u00f2ria d\u2019enguany ha sigut tot un \u00e8xit quant a la participaci\u00f3, ja que s\u2019hi ha presentat un total de 77 obres, 34 originals de narrativa (xifra r\u00e8cord en la hist\u00f2ria dels premis) i 43 originals en poesia. Joaquina Barba, membre del jurat que ha estat present en el lliurament dels premis ha destacat la qualitat liter\u00e0ria de totes les obres presentades, fet que demostra la consolidaci\u00f3 d\u2019estos premis en tot l\u2019\u00e0mbit ling\u00fc\u00edstic i literari.<\/p>\n<p style=\"text-align: justify;\">A m\u00e9s de la dotaci\u00f3 econ\u00f2mica, les obres premiades seran editades i publicades per l&#8217;editorial Tabarca Llibres, que tamb\u00e9 assumeix el cost del premi finalista de narrativa i el premi de poesia. Aix\u00ed mateix, l&#8217;Ajuntament de Torrent es fa c\u00e0rrec del pagament de part de la dotaci\u00f3 del primer premi amb un import total de 10.000 euros, que completa la Caixa Rural Torrent amb 2.000 euros com a entitat col\u00b7laboradora.<span class=\"Apple-converted-space\">\u00a0 <\/span>D&#8217;aquesta manera, els \u2018Premis Literaris Ciutat de Torrent\u2019 s&#8217;erigeixen com un dels cert\u00e0mens m\u00e9s dotats econ\u00f2micament de la Comunitat Valenciana i suposen un pilar fonamental per a la promoci\u00f3 de la literatura en valenci\u00e0.<\/p>\n<p>&nbsp;<\/p>\n<p>&nbsp;<\/p>\n<p><img fetchpriority=\"high\" decoding=\"async\" class=\"size-full wp-image-41874 aligncenter\" src=\"https:\/\/www.infotorrent.es\/wp-content\/uploads\/2020\/12\/Premios-Literarios-5-scaled.jpg\" alt=\"\" width=\"2560\" height=\"1707\" \/><\/p>\n<p>&nbsp;<\/p>\n<p><img decoding=\"async\" class=\"size-full wp-image-41880 aligncenter\" src=\"https:\/\/www.infotorrent.es\/wp-content\/uploads\/2020\/12\/Premios-Literarios-scaled.jpg\" alt=\"\" width=\"2560\" height=\"1707\" \/><\/p>\n<p>&nbsp;<\/p>\n<p><img decoding=\"async\" class=\"size-medium wp-image-41878 aligncenter\" src=\"https:\/\/www.infotorrent.es\/wp-content\/uploads\/2020\/12\/Premios-Literarios-3-scaled.jpg\" alt=\"\" width=\"2560\" height=\"1707\" \/><\/p>\n<p>&nbsp;<\/p>\n<p><img loading=\"lazy\" decoding=\"async\" class=\"size-medium wp-image-41876 aligncenter\" src=\"https:\/\/www.infotorrent.es\/wp-content\/uploads\/2020\/12\/Premios-Literarios-2-scaled.jpg\" alt=\"\" width=\"2560\" height=\"1707\" \/><\/p>\n","protected":false},"excerpt":{"rendered":"<p>L&#8217;Ajuntament de Torrent ha acollit l&#8217;acte de lliurament dels guardons del XVIII Premi de Narrativa Juvenil i XI Premi de Poesia, premiats amb 12.000\u20ac per al guanyador de la categoria de narrativa i amb 3.000\u20ac per a la vencedora en l&#8217;apartat de poesia La sala de plens de l&#8217;Ajuntament ha acollit este mat\u00ed, en un [&hellip;]<\/p>\n","protected":false},"author":2,"featured_media":13575,"comment_status":"closed","ping_status":"open","sticky":false,"template":"","format":"standard","meta":{"_acf_changed":false,"footnotes":""},"categories":[117,116],"tags":[236],"class_list":["post-13573","post","type-post","status-publish","format-standard","has-post-thumbnail","hentry","category-cultura","category-noticies","tag-ajuntament-de-torrent"],"acf":[],"_links":{"self":[{"href":"https:\/\/infotorrent.es\/ca\/wp-json\/wp\/v2\/posts\/13573","targetHints":{"allow":["GET"]}}],"collection":[{"href":"https:\/\/infotorrent.es\/ca\/wp-json\/wp\/v2\/posts"}],"about":[{"href":"https:\/\/infotorrent.es\/ca\/wp-json\/wp\/v2\/types\/post"}],"author":[{"embeddable":true,"href":"https:\/\/infotorrent.es\/ca\/wp-json\/wp\/v2\/users\/2"}],"replies":[{"embeddable":true,"href":"https:\/\/infotorrent.es\/ca\/wp-json\/wp\/v2\/comments?post=13573"}],"version-history":[{"count":0,"href":"https:\/\/infotorrent.es\/ca\/wp-json\/wp\/v2\/posts\/13573\/revisions"}],"wp:featuredmedia":[{"embeddable":true,"href":"https:\/\/infotorrent.es\/ca\/wp-json\/wp\/v2\/media\/13575"}],"wp:attachment":[{"href":"https:\/\/infotorrent.es\/ca\/wp-json\/wp\/v2\/media?parent=13573"}],"wp:term":[{"taxonomy":"category","embeddable":true,"href":"https:\/\/infotorrent.es\/ca\/wp-json\/wp\/v2\/categories?post=13573"},{"taxonomy":"post_tag","embeddable":true,"href":"https:\/\/infotorrent.es\/ca\/wp-json\/wp\/v2\/tags?post=13573"}],"curies":[{"name":"wp","href":"https:\/\/api.w.org\/{rel}","templated":true}]}}