{"id":13466,"date":"2020-11-02T09:38:44","date_gmt":"2020-11-02T09:38:44","guid":{"rendered":"https:\/\/infotorrent.es\/uncategorized\/torrent-intensifica-el-dispositiu-especial-per-a-tots-els-sants\/"},"modified":"2020-11-02T09:42:04","modified_gmt":"2020-11-02T09:42:04","slug":"torrent-intensifica-el-dispositiu-especial-per-a-tots-els-sants","status":"publish","type":"post","link":"https:\/\/infotorrent.es\/ca\/noticias-2\/torrent-intensifica-el-dispositiu-especial-per-a-tots-els-sants\/","title":{"rendered":"Torrent intensifica el Dispositiu Especial per a Tots els Sants"},"content":{"rendered":"<p style=\"text-align: justify;\"><strong>L&#8217;horari de visites del cementeri \u00e9s de 8.30 a 18.00 hores, que disposa d&#8217;un dispositiu especial de seguretat <\/strong><\/p>\n<p style=\"text-align: justify;\"><strong>Les l\u00ednies Roja, Blava i Verda de TorrentBus s\u00f3n gratu\u00eftes i compten amb un servei especial per al dissabte i diumenge<\/strong><\/p>\n<p style=\"text-align: justify;\">A dos dies per al dia de Tots els Sants, l&#8217;Ajuntament de Torrent, juntament amb la Policia Local i en col\u00b7laboraci\u00f3 amb el cementeri parroquial, ha incrementat les actuacions del protocol d&#8217;actuaci\u00f3 dissenyat per a aquesta data assenyalada i que es venia implementant des del dilluns 26, a causa de la situaci\u00f3 excepcional en la qual ens trobem.<\/p>\n<p style=\"text-align: justify;\">\nDes del dia d&#8217;ahir ja est\u00e0 operatiu el servei extraordinari previst per a aquest cap de setmana, per la qual cosa s&#8217;han col\u00b7locat tanques dibuixant un recorregut en zig-zag a la porta del cementeri, per a assegurar que es compleix amb la dist\u00e0ncia de seguretat i vetlar perqu\u00e8 tot transc\u00f3rrega amb la major normalitat els dies que es preveu una major aflu\u00e8ncia. Tamb\u00e9 s&#8217;han habilitat dos accessos per a persones majors i amb mobilitat redu\u00efda.<\/p>\n<p style=\"text-align: justify;\">\nPer a aquest Dispositiu Especial de Tots els Sants, Policia Local compta amb un operatiu especial de 62 components, a m\u00e9s de la col\u00b7laboraci\u00f3 de 12 membres de Protecci\u00f3 Civil, que s&#8217;encarreguen de regular els accessos al cementeri i el tr\u00e0nsit. Quant al tr\u00e0nsit, s&#8217;ha limitat la circulaci\u00f3 de vehicles pel carrer Verge de la Soledat a un sol carril, facilitant l&#8217;acc\u00e9s a peu dels ve\u00efns i ve\u00efnes de Torrent a trav\u00e9s de l&#8217;altre carril i la zona d&#8217;aparcament.<\/p>\n<p style=\"text-align: justify;\">Cal recordar que el p\u00e0rquing de les instal\u00b7lacions esportives de Parc Central \u00e9s gratu\u00eft, igual que el servei de TorrentBus en les l\u00ednies blava, roja i verda. El dissabte aquest servei ser\u00e0 fins a les 18.00 hores amb freq\u00fc\u00e8ncia de pas cada 20 minutos i el diumenge ser\u00e0 de 9.00 a 18.00 hores amb freq\u00fc\u00e8ncia de pas cada 20 minuts.<\/p>\n<p style=\"text-align: justify;\">La normativa que s&#8217;est\u00e0 aplicant en el cementeri exigeix el que s&#8217;estableix per la Conselleria de Sanitat. Els accessos exteriors i el tr\u00e0nsit estan controlats en tot moment per la Policia Local per a evitar que es produ\u00efsquen aglomeracions.<\/p>\n<p style=\"text-align: justify;\">S&#8217;han creat zones diferenciades d&#8217;entrada i eixida amb el que \u00fanicament es podr\u00e0 accedir per la porta principal i eixir per la porta lateral, a m\u00e9s de fixar un aforament m\u00e0xim de 2000 persones. S&#8217;ha prescindit d&#8217;utensilis d&#8217;\u00fas com\u00fa com a poals, graneres i escales, per a evitar un possible focus d&#8217;infecci\u00f3.<\/p>\n<p>&nbsp;<\/p>\n<p>&nbsp;<\/p>\n<p>&nbsp;<\/p>\n<p><img fetchpriority=\"high\" decoding=\"async\" class=\" wp-image-41297 aligncenter\" src=\"https:\/\/www.infotorrent.es\/wp-content\/uploads\/2020\/11\/Cementerio-4-Copy.jpg\" alt=\"\" width=\"693\" height=\"514\" \/><\/p>\n<p>&nbsp;<\/p>\n<p><img decoding=\"async\" class=\" wp-image-41299 aligncenter\" src=\"https:\/\/www.infotorrent.es\/wp-content\/uploads\/2020\/11\/Cementerio-8-Copy.jpg\" alt=\"\" width=\"724\" height=\"506\" \/><\/p>\n<p>&nbsp;<\/p>\n<p><img decoding=\"async\" class=\" wp-image-41295 aligncenter\" src=\"https:\/\/www.infotorrent.es\/wp-content\/uploads\/2020\/11\/Cartel_A3_Difuntos1-1448x2048-1.jpg\" alt=\"\" width=\"561\" height=\"781\" \/><\/p>\n<p>&nbsp;<\/p>\n<p><img loading=\"lazy\" decoding=\"async\" class=\" wp-image-41301 aligncenter\" src=\"https:\/\/www.infotorrent.es\/wp-content\/uploads\/2020\/11\/Cementerio-15-Copy.jpg\" alt=\"\" width=\"572\" height=\"463\" \/><\/p>\n","protected":false},"excerpt":{"rendered":"<p>L&#8217;horari de visites del cementeri \u00e9s de 8.30 a 18.00 hores, que disposa d&#8217;un dispositiu especial de seguretat Les l\u00ednies Roja, Blava i Verda de TorrentBus s\u00f3n gratu\u00eftes i compten amb un servei especial per al dissabte i diumenge A dos dies per al dia de Tots els Sants, l&#8217;Ajuntament de Torrent, juntament amb la [&hellip;]<\/p>\n","protected":false},"author":2,"featured_media":13468,"comment_status":"closed","ping_status":"open","sticky":false,"template":"","format":"standard","meta":{"_acf_changed":false,"footnotes":""},"categories":[127],"tags":[236],"class_list":["post-13466","post","type-post","status-publish","format-standard","has-post-thumbnail","hentry","category-noticias-2","tag-ajuntament-de-torrent"],"acf":[],"_links":{"self":[{"href":"https:\/\/infotorrent.es\/ca\/wp-json\/wp\/v2\/posts\/13466","targetHints":{"allow":["GET"]}}],"collection":[{"href":"https:\/\/infotorrent.es\/ca\/wp-json\/wp\/v2\/posts"}],"about":[{"href":"https:\/\/infotorrent.es\/ca\/wp-json\/wp\/v2\/types\/post"}],"author":[{"embeddable":true,"href":"https:\/\/infotorrent.es\/ca\/wp-json\/wp\/v2\/users\/2"}],"replies":[{"embeddable":true,"href":"https:\/\/infotorrent.es\/ca\/wp-json\/wp\/v2\/comments?post=13466"}],"version-history":[{"count":0,"href":"https:\/\/infotorrent.es\/ca\/wp-json\/wp\/v2\/posts\/13466\/revisions"}],"wp:featuredmedia":[{"embeddable":true,"href":"https:\/\/infotorrent.es\/ca\/wp-json\/wp\/v2\/media\/13468"}],"wp:attachment":[{"href":"https:\/\/infotorrent.es\/ca\/wp-json\/wp\/v2\/media?parent=13466"}],"wp:term":[{"taxonomy":"category","embeddable":true,"href":"https:\/\/infotorrent.es\/ca\/wp-json\/wp\/v2\/categories?post=13466"},{"taxonomy":"post_tag","embeddable":true,"href":"https:\/\/infotorrent.es\/ca\/wp-json\/wp\/v2\/tags?post=13466"}],"curies":[{"name":"wp","href":"https:\/\/api.w.org\/{rel}","templated":true}]}}