{"id":13403,"date":"2020-10-16T07:31:46","date_gmt":"2020-10-16T07:31:46","guid":{"rendered":"https:\/\/infotorrent.es\/uncategorized\/torrent-participa-en-la-primera-trobada-dalcaldes-del-programa-intelligent-cities-challenge\/"},"modified":"2020-10-16T07:33:20","modified_gmt":"2020-10-16T07:33:20","slug":"torrent-participa-en-la-primera-trobada-dalcaldes-del-programa-intelligent-cities-challenge","status":"publish","type":"post","link":"https:\/\/infotorrent.es\/ca\/noticies\/torrent-participa-en-la-primera-trobada-dalcaldes-del-programa-intelligent-cities-challenge\/","title":{"rendered":"Torrent participa en la primera trobada d&#8217;alcaldes del programa Intelligent Cities Challenge"},"content":{"rendered":"<p style=\"text-align: justify;\"><strong>La capital de l&#8217;Horta Sud comparteix amb 100 ciutats de tot el m\u00f3n, projectes per a millorar la qualitat de vida dels ciutadans, el medi ambient i la resili\u00e8ncia davant de cat\u00e0strofes i l&#8217;efici\u00e8ncia energ\u00e8tica<\/strong><\/p>\n<p style=\"text-align: justify;\">La ciutat de Torrent va ser triada al juliol per la Comissi\u00f3 Europea per a participar en el programa Intelligent Cities Challenge amb altres 100 ciutats de tot el m\u00f3n. Es tracta d&#8217;una gran not\u00edcia per a la capital de l&#8217;Horta Sud, ja que li permetr\u00e0 millorar la qualitat de vida de la ciutadania, el medi ambient, la resili\u00e8ncia de la ciutat davant de cat\u00e0strofes o pand\u00e8mies i l&#8217;efici\u00e8ncia energ\u00e8tica per a minimitzar la petjada de carboni.<\/p>\n<p style=\"text-align: justify;\">Aix\u00ed, el regidor de Recursos i Modernitzaci\u00f3, Andr\u00e9s Campos, va participar ahir a la vesprada, acompanyat de la regidora de Comunicaci\u00f3, Susi Fererr, i el cap de l&#8217;\u00e0rea de Modernitzaci\u00f3, Manuel Herrero, en la primera reuni\u00f3 telem\u00e0tica entre alcaldes per a posar en com\u00fa el projecte i compartir experi\u00e8ncies.<\/p>\n<p style=\"text-align: justify;\">Quant a la primera directriu, a trav\u00e9s de l&#8217;activitat f\u00edsica i l&#8217;envelliment saludable es generar\u00e0 un pla estrat\u00e8gic que promocionar\u00e0 la pr\u00e0ctica esportiva i la inclusi\u00f3 social a trav\u00e9s d&#8217;aquesta t\u00e8cnica. I d&#8217;altra banda, la segona l\u00ednia inclou el proc\u00e9s de digitalitzaci\u00f3 dins dels serveis p\u00fablics. En aquest punt, l&#8217;edil ha remarcat que a causa de la situaci\u00f3 actual generada per la Covid-19, <strong>\u201cs&#8217;ha vist clara la necessitat d&#8217;apostar per un desenvolupament digital en tots els sectors: educaci\u00f3, salut, mobilitat, etc. I aix\u00f2 mateix \u00e9s el que l&#8217;Ajuntament ja havia posat en marxa anteriorment a la pand\u00e8mia, per la qual cosa continuarem treballant de la m\u00e0 del programa Intelligent Cities Challenge per a convertir la nostra ciutat en un espai segur, innovador, intel\u00b7ligent i que respecte el medi ambient<\/strong>\u201d.<\/p>\n<p style=\"text-align: justify;\">Seleccionada entre 130 candidatures de 192 ciutats de 20 pa\u00efsos de la Uni\u00f3 Europea i el Regne Unit, amb aquest projecte Torrent es posiciona al costat de grans capitals com Madrid o amb un gran nivell innovador com \u00e9s Singapur.<\/p>\n<p>&nbsp;<\/p>\n<p>&nbsp;<\/p>\n<p>&nbsp;<\/p>\n<p style=\"text-align: justify;\"><img fetchpriority=\"high\" decoding=\"async\" class=\"size-full wp-image-41036 aligncenter\" src=\"https:\/\/www.infotorrent.es\/wp-content\/uploads\/2020\/10\/intelligent-Copy.jpg\" alt=\"\" width=\"875\" height=\"656\" \/><\/p>\n","protected":false},"excerpt":{"rendered":"<p>La capital de l&#8217;Horta Sud comparteix amb 100 ciutats de tot el m\u00f3n, projectes per a millorar la qualitat de vida dels ciutadans, el medi ambient i la resili\u00e8ncia davant de cat\u00e0strofes i l&#8217;efici\u00e8ncia energ\u00e8tica La ciutat de Torrent va ser triada al juliol per la Comissi\u00f3 Europea per a participar en el programa Intelligent [&hellip;]<\/p>\n","protected":false},"author":2,"featured_media":13405,"comment_status":"closed","ping_status":"open","sticky":false,"template":"","format":"standard","meta":{"_acf_changed":false,"footnotes":""},"categories":[116,133],"tags":[236],"class_list":["post-13403","post","type-post","status-publish","format-standard","has-post-thumbnail","hentry","category-noticies","category-urbanisme","tag-ajuntament-de-torrent"],"acf":[],"_links":{"self":[{"href":"https:\/\/infotorrent.es\/ca\/wp-json\/wp\/v2\/posts\/13403","targetHints":{"allow":["GET"]}}],"collection":[{"href":"https:\/\/infotorrent.es\/ca\/wp-json\/wp\/v2\/posts"}],"about":[{"href":"https:\/\/infotorrent.es\/ca\/wp-json\/wp\/v2\/types\/post"}],"author":[{"embeddable":true,"href":"https:\/\/infotorrent.es\/ca\/wp-json\/wp\/v2\/users\/2"}],"replies":[{"embeddable":true,"href":"https:\/\/infotorrent.es\/ca\/wp-json\/wp\/v2\/comments?post=13403"}],"version-history":[{"count":0,"href":"https:\/\/infotorrent.es\/ca\/wp-json\/wp\/v2\/posts\/13403\/revisions"}],"wp:featuredmedia":[{"embeddable":true,"href":"https:\/\/infotorrent.es\/ca\/wp-json\/wp\/v2\/media\/13405"}],"wp:attachment":[{"href":"https:\/\/infotorrent.es\/ca\/wp-json\/wp\/v2\/media?parent=13403"}],"wp:term":[{"taxonomy":"category","embeddable":true,"href":"https:\/\/infotorrent.es\/ca\/wp-json\/wp\/v2\/categories?post=13403"},{"taxonomy":"post_tag","embeddable":true,"href":"https:\/\/infotorrent.es\/ca\/wp-json\/wp\/v2\/tags?post=13403"}],"curies":[{"name":"wp","href":"https:\/\/api.w.org\/{rel}","templated":true}]}}