{"id":13400,"date":"2020-10-16T07:17:02","date_gmt":"2020-10-16T07:17:02","guid":{"rendered":"https:\/\/infotorrent.es\/uncategorized\/torrent-defineix-el-seu-pla-local-de-gestio-de-residus-mitjancant-una-consulta-en-linia-a-la-ciutadania\/"},"modified":"2020-10-16T07:14:02","modified_gmt":"2020-10-16T07:14:02","slug":"torrent-defineix-el-seu-pla-local-de-gestio-de-residus-mitjancant-una-consulta-en-linia-a-la-ciutadania","status":"publish","type":"post","link":"https:\/\/infotorrent.es\/ca\/noticies\/torrent-defineix-el-seu-pla-local-de-gestio-de-residus-mitjancant-una-consulta-en-linia-a-la-ciutadania\/","title":{"rendered":"Torrent defineix el seu Pla Local de Gesti\u00f3 de Residus mitjan\u00e7ant una consulta en l\u00ednia a la ciutadania"},"content":{"rendered":"<p style=\"text-align: justify;\"><strong>Els ve\u00efns i ve\u00efnes poden participar fins al pr\u00f2xim dia 7 de novembre en l&#8217;enquesta i incorporar d&#8217;aquesta forma la seua visi\u00f3 en l&#8217;elaboraci\u00f3 del pla<\/strong><\/p>\n<p style=\"text-align: justify;\">El Pla Local de Residus de Torrent arriba a la segona etapa despr\u00e9s de finalitzar la sessi\u00f3 participativa presencial. Aquesta sessi\u00f3 participativa es feu en dues sessions. En la primera, que va tindre lloc el passat 22 de setembre, es feu una presentaci\u00f3 inicial del pla. En la segona, celebrada el passat 6 d&#8217;octubre, es van definir conjuntament les variables de disseny del nou model de recollida selectiva dels residus dom\u00e8stics.<\/p>\n<p style=\"text-align: justify;\">Acabada aquesta primera etapa, s&#8217;ha donat pas a la segona, que \u00e9s la que \u00a0correspon al per\u00edode de participaci\u00f3 en l\u00ednia. En aquest apartat arriba el torn de con\u00e9ixer l&#8217;opini\u00f3 dels ciutadans de Torrent mitjan\u00e7ant un q\u00fcestionari de participaci\u00f3 per a la ciutadania que ja est\u00e0 disponible en la web municipal.<\/p>\n<p style=\"text-align: justify;\">Amb aquest formulari es pret\u00e9n implicar els ve\u00efns del municipi en la definici\u00f3 de les accions que s\u2019han de posar en marxa i responsabilitzar-los en la consecuci\u00f3 dels objectius establits per PIRCVA.<\/p>\n<p style=\"text-align: justify;\">\u00c9s per aix\u00f2 que l&#8217;Ajuntament de Torrent anima a participar-hi els ve\u00efns, ja que amb aquest formulari podran ajudar a dur avant el projecte i aconseguir entre tots una gesti\u00f3 sostenible dels residus de la ciutat.<\/p>\n<p style=\"text-align: justify;\">El termini de participaci\u00f3 estar\u00e0 obert fins al 7 de novembre. Qui estiga interessat a participar en el formulari, pot emplenar-lo a trav\u00e9s del seg\u00fcent enlla\u00e7: <span style=\"color: #000000;\"><a style=\"color: #000000;\" href=\"https:\/\/bit.ly\/3j10zWS\" target=\"_blank\" rel=\"noopener\">https:\/\/bit.ly\/3j10zws<\/a><\/span><\/p>\n<p>&nbsp;<\/p>\n<p>&nbsp;<\/p>\n<p><img fetchpriority=\"high\" decoding=\"async\" class=\"wp-image-41027 aligncenter\" src=\"https:\/\/www.infotorrent.es\/wp-content\/uploads\/2020\/10\/residus.jpg\" alt=\"\" width=\"964\" height=\"385\" \/><\/p>\n","protected":false},"excerpt":{"rendered":"<p>Els ve\u00efns i ve\u00efnes poden participar fins al pr\u00f2xim dia 7 de novembre en l&#8217;enquesta i incorporar d&#8217;aquesta forma la seua visi\u00f3 en l&#8217;elaboraci\u00f3 del pla El Pla Local de Residus de Torrent arriba a la segona etapa despr\u00e9s de finalitzar la sessi\u00f3 participativa presencial. Aquesta sessi\u00f3 participativa es feu en dues sessions. En la [&hellip;]<\/p>\n","protected":false},"author":2,"featured_media":13402,"comment_status":"closed","ping_status":"open","sticky":false,"template":"","format":"standard","meta":{"_acf_changed":false,"footnotes":""},"categories":[119,116],"tags":[236],"class_list":["post-13400","post","type-post","status-publish","format-standard","has-post-thumbnail","hentry","category-medi-ambient","category-noticies","tag-ajuntament-de-torrent"],"acf":[],"_links":{"self":[{"href":"https:\/\/infotorrent.es\/ca\/wp-json\/wp\/v2\/posts\/13400","targetHints":{"allow":["GET"]}}],"collection":[{"href":"https:\/\/infotorrent.es\/ca\/wp-json\/wp\/v2\/posts"}],"about":[{"href":"https:\/\/infotorrent.es\/ca\/wp-json\/wp\/v2\/types\/post"}],"author":[{"embeddable":true,"href":"https:\/\/infotorrent.es\/ca\/wp-json\/wp\/v2\/users\/2"}],"replies":[{"embeddable":true,"href":"https:\/\/infotorrent.es\/ca\/wp-json\/wp\/v2\/comments?post=13400"}],"version-history":[{"count":0,"href":"https:\/\/infotorrent.es\/ca\/wp-json\/wp\/v2\/posts\/13400\/revisions"}],"wp:featuredmedia":[{"embeddable":true,"href":"https:\/\/infotorrent.es\/ca\/wp-json\/wp\/v2\/media\/13402"}],"wp:attachment":[{"href":"https:\/\/infotorrent.es\/ca\/wp-json\/wp\/v2\/media?parent=13400"}],"wp:term":[{"taxonomy":"category","embeddable":true,"href":"https:\/\/infotorrent.es\/ca\/wp-json\/wp\/v2\/categories?post=13400"},{"taxonomy":"post_tag","embeddable":true,"href":"https:\/\/infotorrent.es\/ca\/wp-json\/wp\/v2\/tags?post=13400"}],"curies":[{"name":"wp","href":"https:\/\/api.w.org\/{rel}","templated":true}]}}