{"id":13346,"date":"2020-09-22T15:48:50","date_gmt":"2020-09-22T15:48:50","guid":{"rendered":"https:\/\/infotorrent.es\/uncategorized\/el-ball-de-torrent-inicia-els-tramits-per-a-ser-declarat-be-dinteres-cultural-de-rellevancia-local\/"},"modified":"2020-09-22T15:47:50","modified_gmt":"2020-09-22T15:47:50","slug":"el-ball-de-torrent-inicia-els-tramits-per-a-ser-declarat-be-dinteres-cultural-de-rellevancia-local","status":"publish","type":"post","link":"https:\/\/infotorrent.es\/ca\/noticies\/el-ball-de-torrent-inicia-els-tramits-per-a-ser-declarat-be-dinteres-cultural-de-rellevancia-local\/","title":{"rendered":"El Ball de Torrent inicia els tr\u00e0mits per a ser declarat B\u00e9 d&#8217;Inter\u00e8s Cultural de Rellev\u00e0ncia Local"},"content":{"rendered":"<p style=\"text-align: justify;\">\u00a0El Ball de Torrent, una de les representacions culturals m\u00e9s conegudes de Torrent i de la Comunitat Valenciana que, mitjan\u00e7ant la s\u00e0tira i la cr\u00edtica, desemboquen en la baralla final que d\u00f3na nom a la dita popular \u201cacabar com el Ball de Torrent\u201d, ha iniciat els tr\u00e0mits per a ser declarada B\u00e9 d&#8217;Inter\u00e8s Cultural de Rellev\u00e0ncia Local. La regidoria de Cultura i Turisme de l&#8217;Ajuntament de Torrent, encap\u00e7alada per Susi Ferrer, conjuntament amb la diputada socialista en Les Corts Valencianes, Trini Castell\u00f3, han fet els primers passos per a presentar una Proposici\u00f3 No de Llei (PNL) per a recon\u00e8ixer aquesta manifestaci\u00f3 tradicional valenciana.<\/p>\n<p style=\"text-align: justify;\">Aquesta iniciativa forma part del pla estrat\u00e8gic de posada en valor i promoci\u00f3 dels recursos de la ciutat que des del consistori torrent\u00ed s&#8217;est\u00e0 desenvolupant amb la finalitat de \u201cpromocionar i visibilitzar el nostre patrimoni, hist\u00f2ria i festivitats, sobretot en aquest moment en qu\u00e8 la Cultura tant est\u00e0 patint i, a m\u00e9s, a poc m\u00e9s de dues setmanes del 9 d\u2019Octubre, la festa per excel\u00b7l\u00e8ncia de tots els valencians i valencianes\u201d, ha explicat la regidora de Cultura, Susi Ferrer. Igualment, ha anunciat que<strong> \u201caquesta actuaci\u00f3 nom\u00e9s \u00e9s la punta de l&#8217;iceberg, perqu\u00e8 continuarem treballant perqu\u00e8 la nostra identitat torrentina i valenciana traspasse fronteres\u201d<\/strong>.<\/p>\n<p style=\"text-align: justify;\">Aix\u00ed doncs, en els \u00faltims anys l&#8217;Ajuntament ja ha realitzat diferents actuacions per a donar a con\u00e8ixer aquesta part de la hist\u00f2ria i cultura torrentina com \u00e9s El Ball de Torrent, posant-se en escena en Fitur 2019 a Madrid o representant-se en 2018 en la Setmana de l&#8217;Agricultura de Torrent, tornant a la ciutat despr\u00e9s de 18 anys; totes dues actuacions per part del Grup de Ball l\u2019\u00da i Dues de la Llar Antoniana.<\/p>\n<p style=\"text-align: justify;\">Per a aquest projecte, <strong>\u201ccomptarem amb la col\u00b7laboraci\u00f3 i participaci\u00f3 de totes les persones i entitats que treballen i han investigat sobre El Ball de Torrent, com s\u00f3n els grups de ball o el nostre cronista\u201d<\/strong>, assenyala Ferrer. En aquesta l\u00ednia, el seg\u00fcent pas ser\u00e0 mantenir una comissi\u00f3 conjunta amb tots ells per a \u201cposar sobre la taula la informaci\u00f3 necess\u00e0ria d&#8217;aquesta mostra cultural tan important, no solament per als torrentins i torrentines, sin\u00f3 tamb\u00e9 per al poble valenci\u00e0\u201d.<\/p>\n<p style=\"text-align: justify;\">Aix\u00ed mateix, Castell\u00f3 ha destacat que aquesta proposta persegueix<strong> \u201cel coneixement d&#8217;un dels espectacles de carrer m\u00e9s complets de la Comunitat Valenciana i que la seua la declaraci\u00f3 de BIC de Rellev\u00e0ncia Local ajudar\u00e0 la protecci\u00f3 i al reconeixement social d&#8217;aquest espectacle musical i teatral el nom del qual \u00e9s conegut molt m\u00e9s all\u00e0 d&#8217;aquesta ciutat\u201d<\/strong>.<\/p>\n","protected":false},"excerpt":{"rendered":"<p>\u00a0El Ball de Torrent, una de les representacions culturals m\u00e9s conegudes de Torrent i de la Comunitat Valenciana que, mitjan\u00e7ant la s\u00e0tira i la cr\u00edtica, desemboquen en la baralla final que d\u00f3na nom a la dita popular \u201cacabar com el Ball de Torrent\u201d, ha iniciat els tr\u00e0mits per a ser declarada B\u00e9 d&#8217;Inter\u00e8s Cultural de [&hellip;]<\/p>\n","protected":false},"author":2,"featured_media":1137,"comment_status":"closed","ping_status":"open","sticky":false,"template":"","format":"standard","meta":{"_acf_changed":false,"footnotes":""},"categories":[117,116],"tags":[236],"class_list":["post-13346","post","type-post","status-publish","format-standard","has-post-thumbnail","hentry","category-cultura","category-noticies","tag-ajuntament-de-torrent"],"acf":[],"_links":{"self":[{"href":"https:\/\/infotorrent.es\/ca\/wp-json\/wp\/v2\/posts\/13346","targetHints":{"allow":["GET"]}}],"collection":[{"href":"https:\/\/infotorrent.es\/ca\/wp-json\/wp\/v2\/posts"}],"about":[{"href":"https:\/\/infotorrent.es\/ca\/wp-json\/wp\/v2\/types\/post"}],"author":[{"embeddable":true,"href":"https:\/\/infotorrent.es\/ca\/wp-json\/wp\/v2\/users\/2"}],"replies":[{"embeddable":true,"href":"https:\/\/infotorrent.es\/ca\/wp-json\/wp\/v2\/comments?post=13346"}],"version-history":[{"count":0,"href":"https:\/\/infotorrent.es\/ca\/wp-json\/wp\/v2\/posts\/13346\/revisions"}],"wp:featuredmedia":[{"embeddable":true,"href":"https:\/\/infotorrent.es\/ca\/wp-json\/wp\/v2\/media\/1137"}],"wp:attachment":[{"href":"https:\/\/infotorrent.es\/ca\/wp-json\/wp\/v2\/media?parent=13346"}],"wp:term":[{"taxonomy":"category","embeddable":true,"href":"https:\/\/infotorrent.es\/ca\/wp-json\/wp\/v2\/categories?post=13346"},{"taxonomy":"post_tag","embeddable":true,"href":"https:\/\/infotorrent.es\/ca\/wp-json\/wp\/v2\/tags?post=13346"}],"curies":[{"name":"wp","href":"https:\/\/api.w.org\/{rel}","templated":true}]}}