{"id":13243,"date":"2020-08-03T13:35:17","date_gmt":"2020-08-03T13:35:17","guid":{"rendered":"https:\/\/infotorrent.es\/uncategorized\/el-torrent-c-f-visita-lajuntament-com-a-celebracio-pel-seu-ascens-a-tercera-divisio\/"},"modified":"2020-08-03T13:37:54","modified_gmt":"2020-08-03T13:37:54","slug":"el-torrent-c-f-visita-lajuntament-com-a-celebracio-pel-seu-ascens-a-tercera-divisio","status":"publish","type":"post","link":"https:\/\/infotorrent.es\/ca\/noticies\/el-torrent-c-f-visita-lajuntament-com-a-celebracio-pel-seu-ascens-a-tercera-divisio\/","title":{"rendered":"El Torrent C.F. visita l&#8217;Ajuntament com a celebraci\u00f3 pel seu ascens a Tercera Divisi\u00f3"},"content":{"rendered":"<div class=\"hijoizqda\">\n<div class=\"control\">\n<div id=\"resultado\" class=\"resultado\" style=\"text-align: justify;\">El Torrent C.F. va visitar el divendres a la vesprada l&#8217;Ajuntament de Torrent per a celebrar la seua volta a Tercera Divisi\u00f3 despr\u00e9s de 27 anys. Els jugadors, el cos t\u00e8cnic, l&#8217;entrenador Santi Mar\u00edn i el president V\u00edctor Ventosa, van ser rebuts per l&#8217;alcalde Jes\u00fas Ros, la regidora d&#8217;Esports, Susi Ferrer, el regidor i Diputat d&#8217;Esports, Andr\u00e9s Campos, i els representants de la corporaci\u00f3 municipal.<\/div>\n<div style=\"text-align: justify;\"><\/div>\n<div class=\"resultado\" style=\"text-align: justify;\">\n<p>L&#8217;alcalde els va fer lliurament d&#8217;un quadre commemoratiu que plasma una imatge de tot l&#8217;equip despr\u00e9s de la seua vict\u00f2ria en el partit contra la U.D. Rayo Ibense amb el qual van aconseguir el desitjat ascens a Tercera Divisi\u00f3, aix\u00ed com una tassa commemorativa i una samarreta. Finalment, els jugadors es van dirigir a la parr\u00f2quia de l&#8217;Asunci\u00f3n per a realitzar una ofrena a la Verge dels Desemparats.<\/p>\n<\/div>\n<\/div>\n<\/div>\n<div class=\"hijodcha\"><\/div>\n<p>&nbsp;<\/p>\n<p><img fetchpriority=\"high\" decoding=\"async\" class=\"size-full wp-image-39893 aligncenter\" src=\"https:\/\/www.infotorrent.es\/wp-content\/uploads\/2020\/08\/Torrent-CF1-2-scaled.jpg\" alt=\"\" width=\"2560\" height=\"1707\" \/><\/p>\n<p>&nbsp;<\/p>\n<p><img decoding=\"async\" class=\"size-full wp-image-39895 aligncenter\" src=\"https:\/\/www.infotorrent.es\/wp-content\/uploads\/2020\/08\/Torrent-CF1-3.jpg\" alt=\"\" width=\"1280\" height=\"1280\" \/><\/p>\n","protected":false},"excerpt":{"rendered":"<p>El Torrent C.F. va visitar el divendres a la vesprada l&#8217;Ajuntament de Torrent per a celebrar la seua volta a Tercera Divisi\u00f3 despr\u00e9s de 27 anys. Els jugadors, el cos t\u00e8cnic, l&#8217;entrenador Santi Mar\u00edn i el president V\u00edctor Ventosa, van ser rebuts per l&#8217;alcalde Jes\u00fas Ros, la regidora d&#8217;Esports, Susi Ferrer, el regidor i Diputat [&hellip;]<\/p>\n","protected":false},"author":2,"featured_media":13245,"comment_status":"closed","ping_status":"open","sticky":false,"template":"","format":"standard","meta":{"_acf_changed":false,"footnotes":""},"categories":[123,116],"tags":[684],"class_list":["post-13243","post","type-post","status-publish","format-standard","has-post-thumbnail","hentry","category-joventut-i-esports","category-noticies","tag-ajuntament-de-torrenttorrent-cf"],"acf":[],"_links":{"self":[{"href":"https:\/\/infotorrent.es\/ca\/wp-json\/wp\/v2\/posts\/13243","targetHints":{"allow":["GET"]}}],"collection":[{"href":"https:\/\/infotorrent.es\/ca\/wp-json\/wp\/v2\/posts"}],"about":[{"href":"https:\/\/infotorrent.es\/ca\/wp-json\/wp\/v2\/types\/post"}],"author":[{"embeddable":true,"href":"https:\/\/infotorrent.es\/ca\/wp-json\/wp\/v2\/users\/2"}],"replies":[{"embeddable":true,"href":"https:\/\/infotorrent.es\/ca\/wp-json\/wp\/v2\/comments?post=13243"}],"version-history":[{"count":0,"href":"https:\/\/infotorrent.es\/ca\/wp-json\/wp\/v2\/posts\/13243\/revisions"}],"wp:featuredmedia":[{"embeddable":true,"href":"https:\/\/infotorrent.es\/ca\/wp-json\/wp\/v2\/media\/13245"}],"wp:attachment":[{"href":"https:\/\/infotorrent.es\/ca\/wp-json\/wp\/v2\/media?parent=13243"}],"wp:term":[{"taxonomy":"category","embeddable":true,"href":"https:\/\/infotorrent.es\/ca\/wp-json\/wp\/v2\/categories?post=13243"},{"taxonomy":"post_tag","embeddable":true,"href":"https:\/\/infotorrent.es\/ca\/wp-json\/wp\/v2\/tags?post=13243"}],"curies":[{"name":"wp","href":"https:\/\/api.w.org\/{rel}","templated":true}]}}