{"id":13230,"date":"2020-07-29T15:02:01","date_gmt":"2020-07-29T15:02:01","guid":{"rendered":"https:\/\/infotorrent.es\/uncategorized\/les-empreses-i-autonoms-de-torrent-poden-sollicitar-les-ajudes-de-fins-a-200-e-de-lajuntament-per-a-la-compra-de-material-sanitari-o-actuacions-higieniques\/"},"modified":"2020-07-29T15:01:02","modified_gmt":"2020-07-29T15:01:02","slug":"les-empreses-i-autonoms-de-torrent-poden-sollicitar-les-ajudes-de-fins-a-200-e-de-lajuntament-per-a-la-compra-de-material-sanitari-o-actuacions-higieniques","status":"publish","type":"post","link":"https:\/\/infotorrent.es\/ca\/noticies\/les-empreses-i-autonoms-de-torrent-poden-sollicitar-les-ajudes-de-fins-a-200-e-de-lajuntament-per-a-la-compra-de-material-sanitari-o-actuacions-higieniques\/","title":{"rendered":"Les empreses i aut\u00f2noms de Torrent poden sol\u00b7licitar les ajudes de fins a 200 \u20ac de l&#8217;Ajuntament per a la compra de material sanitari o actuacions higi\u00e8niques"},"content":{"rendered":"<p style=\"text-align: justify;\"><strong>El termini de sol\u00b7licituds estar\u00e0 obert des de dem\u00e0 30 de juliol i fins al pr\u00f2xim 30 de setembre<\/strong><\/p>\n<p>Amb la finalitat d&#8217;impulsar el sector comercial, hostaler i empresarial de Torrent i pal\u00b7liar els efectes ocasionats pel Covid-19, el consistori ha anunciat l&#8217;obertura del termini per a sol\u00b7licitar les \u2018Ajudes econ\u00f2miques a empreses i aut\u00f2noms per a accions de prevenci\u00f3 sanit\u00e0ria en establiments\u2019, una mesura inclosa en el \u2018Pla d&#8217;Actuaci\u00f3 Municipal 2020 de lluita contra el Covid-19\u2019. La subvenci\u00f3 es pot sol\u00b7licitar a partir de dem\u00e0 30 de juliol i fins al 30 de setembre, ja que avui s&#8217;han publicat les bases en el BOP (Butllet\u00ed Oficial de la Prov\u00edncia). Aix\u00ed ho ha informat aquest mat\u00ed en la trobada amb els mitjans de comunicaci\u00f3 l&#8217;alcalde Jes\u00fas Ros i el regidor de l&#8217;\u00e0rea d&#8217;Economia, Andr\u00e9s Campos, que han explicat que <strong>\u201ces tracta d&#8217;una nova l\u00ednia de suport als comer\u00e7os en la despesa econ\u00f2mica que suposa la implantaci\u00f3 de mesures sanit\u00e0ries i de seguretat requerides i que repercuteixen en la protecci\u00f3 i salut del personal treballador i dels usuaris i usu\u00e0ries\u201d<\/strong><\/p>\n<p style=\"text-align: justify;\">Per aix\u00f2, aquestes ajudes directes cobreixen un 70% de la despesa fins a 200 \u20ac estant vinculades a l&#8217;adquisici\u00f3 de material sanitari i higi\u00e8nic, com a m\u00e0scares, guants o aparells de control febril; o b\u00e9 per a realitzar actuacions d&#8217;adaptaci\u00f3 dels seus locals al nou escenari, com la instal\u00b7laci\u00f3 de mampares protectores o la reestructuraci\u00f3 o reordenaci\u00f3 dels espais per a mantenir les mesures de distanciaments social.<\/p>\n<p style=\"text-align: justify;\">Amb una quantia pressupost\u00e0ria inicial de 300.000 \u20ac, i ampliable segons el n\u00famero de les sol\u00b7licituds, aquesta prestaci\u00f3 \u00e9s un pas m\u00e9s de l&#8217;Ajuntament de Torrent per recolzar a les empreses i aut\u00f2noms i que se suma a altres mesures, concretament, a les subvencions de fins a 700 euros, la campanya de suport al comer\u00e7 local, el lliurament de m\u00e0scares o les propostes que es posaran en marxa pr\u00f2ximament, com, entre altres, les targetes de consum en comer\u00e7 local parcialment bonificades o el programa de digitalitzaci\u00f3 per a fomentar la venda a dist\u00e0ncia.<\/p>\n<p style=\"text-align: justify;\">Tota la informaci\u00f3 i les bases podran consultar-se a partir del dia 30 en el seg\u00fcent enlla\u00e7:<\/p>\n<p style=\"text-align: justify;\"><a href=\"https:\/\/www.torrent.es\/torrentPublic\/inicio\/serveis\/ajudessubvencions.html\" target=\"_blank\" rel=\"noopener\"><span style=\"color: #000000;\">https:\/\/www.torrent.es\/torrentpublic\/inicio\/serveis\/ajudessubvencions.html<\/span><\/a><\/p>\n","protected":false},"excerpt":{"rendered":"<p>El termini de sol\u00b7licituds estar\u00e0 obert des de dem\u00e0 30 de juliol i fins al pr\u00f2xim 30 de setembre Amb la finalitat d&#8217;impulsar el sector comercial, hostaler i empresarial de Torrent i pal\u00b7liar els efectes ocasionats pel Covid-19, el consistori ha anunciat l&#8217;obertura del termini per a sol\u00b7licitar les \u2018Ajudes econ\u00f2miques a empreses i aut\u00f2noms [&hellip;]<\/p>\n","protected":false},"author":2,"featured_media":1137,"comment_status":"closed","ping_status":"open","sticky":false,"template":"","format":"standard","meta":{"_acf_changed":false,"footnotes":""},"categories":[120,116],"tags":[1108],"class_list":["post-13230","post","type-post","status-publish","format-standard","has-post-thumbnail","hentry","category-economia","category-noticies","tag-ajudes-covid-19ajuntament-de-torrent"],"acf":[],"_links":{"self":[{"href":"https:\/\/infotorrent.es\/ca\/wp-json\/wp\/v2\/posts\/13230","targetHints":{"allow":["GET"]}}],"collection":[{"href":"https:\/\/infotorrent.es\/ca\/wp-json\/wp\/v2\/posts"}],"about":[{"href":"https:\/\/infotorrent.es\/ca\/wp-json\/wp\/v2\/types\/post"}],"author":[{"embeddable":true,"href":"https:\/\/infotorrent.es\/ca\/wp-json\/wp\/v2\/users\/2"}],"replies":[{"embeddable":true,"href":"https:\/\/infotorrent.es\/ca\/wp-json\/wp\/v2\/comments?post=13230"}],"version-history":[{"count":0,"href":"https:\/\/infotorrent.es\/ca\/wp-json\/wp\/v2\/posts\/13230\/revisions"}],"wp:featuredmedia":[{"embeddable":true,"href":"https:\/\/infotorrent.es\/ca\/wp-json\/wp\/v2\/media\/1137"}],"wp:attachment":[{"href":"https:\/\/infotorrent.es\/ca\/wp-json\/wp\/v2\/media?parent=13230"}],"wp:term":[{"taxonomy":"category","embeddable":true,"href":"https:\/\/infotorrent.es\/ca\/wp-json\/wp\/v2\/categories?post=13230"},{"taxonomy":"post_tag","embeddable":true,"href":"https:\/\/infotorrent.es\/ca\/wp-json\/wp\/v2\/tags?post=13230"}],"curies":[{"name":"wp","href":"https:\/\/api.w.org\/{rel}","templated":true}]}}