{"id":13207,"date":"2020-07-17T12:15:21","date_gmt":"2020-07-17T12:15:21","guid":{"rendered":"https:\/\/infotorrent.es\/uncategorized\/lajuntament-de-torrent-aprova-la-convocatoria-denguany-dels-premis-literaris-ciutat-de-torrent-2\/"},"modified":"2020-07-17T12:11:20","modified_gmt":"2020-07-17T12:11:20","slug":"lajuntament-de-torrent-aprova-la-convocatoria-denguany-dels-premis-literaris-ciutat-de-torrent-2","status":"publish","type":"post","link":"https:\/\/infotorrent.es\/ca\/noticies\/lajuntament-de-torrent-aprova-la-convocatoria-denguany-dels-premis-literaris-ciutat-de-torrent-2\/","title":{"rendered":"L\u2019Ajuntament de Torrent aprova la convocat\u00f2ria d\u2019enguany dels Premis Literaris Ciutat de Torrent"},"content":{"rendered":"<p style=\"text-align: justify;\"><strong>El certamen, \u00e9s un dels m\u00e9s dotats econ\u00f2micament de la Comunitat Valenciana, amb 12.000 \u20ac per al guanyador del Premi de Narrativa Juvenil i amb 3.000 \u20ac per al Premi de Poesia Ciutat de Torrent<\/strong><\/p>\n<p style=\"text-align: justify;\"><strong>\u00a0<\/strong>L\u2019Ajuntament de Torrent ha aprovat la convocat\u00f2ria d\u2019enguany\u00a0 dels Premis Literaris Ciutat de Torrent. Aix\u00ed, l\u2019Oficina de Promoci\u00f3 i \u00das del Valenci\u00e0, que \u00e9s el departament encarregat de gestionar-los i organitzar-los, ha preparat les bases i la convocat\u00f2ria del XVIII Premi de Narrativa Juvenil amb una dotaci\u00f3 econ\u00f2mica per a l\u2019obra guanyadora de 12.000 euros i un premi per a la finalista de 1.800 euros; i el XI Premi de Poesia Ciutat de Torrent que atorgar\u00e0 al guanyador amb 3.000 euros.<\/p>\n<p style=\"text-align: justify;\">Amb la finalitat de fomentar el valenci\u00e0 en l\u2019\u00e0mbit creatiu i literari i recon\u00e9ixer la qualitat del treball dels escriptors i escriptores en la nostra llengua, el consistori convoca anualment este certamen, que es va tornar a convertir en anual l\u2019any 2018, coincidint amb el 20 aniversari de la creaci\u00f3 del guardons, que ja tenen un llarg recorregut.<\/p>\n<p style=\"text-align: justify;\">Els premis es convoquen amb la col\u00b7laboraci\u00f3 de l\u2019editorial Tabarca Llibres, que \u00e9s qui edita les obres premiades i el patrocini de Caixa Rural Torrent. D\u2019esta forma, esta setmana les dos entitats formalitzaren el conveni amb la signatura dels representants i de l\u2019alcalde Jes\u00fas Ros. Aix\u00ed, l\u2019Ajuntament de Torrent es fa c\u00e0rrec del pagament de part de la dotaci\u00f3 del primer premi amb un import total de 10.000 \u20ac. Caixa Rural Torrent, per la seua banda, patrocina el premi amb 2.000 \u20ac per a completar els 12.000 de la dotaci\u00f3. L\u2019editorial Tabarca, per la seua part, assumix els 1.800 \u20ac del premi finalista de narrativa i dels 3.000 \u20ac del premi de poesia. Els Premis Literaris Ciutat de Torrent s\u00f3n un dels m\u00e9s dotats econ\u00f2micament de la Comunitat Valenciana.<\/p>\n<p style=\"text-align: justify;\">Enguany, com a novetat, davant la situaci\u00f3 actual, \u00e9s que les obres originals nom\u00e9s es podran presentar de manera telem\u00e0tica en format pdf, a trav\u00e9s del Registre Electr\u00f2nic de l\u2019Ajuntament, juntament amb la inst\u00e0ncia del tr\u00e0mit que s\u2019ha creat per als Premis i que estar\u00e0 disponible d\u2019ac\u00ed a uns dies quan es publique la convocat\u00f2ria dels premis en el BOP. Esta nova forma de presentaci\u00f3 dels originals tamb\u00e9 \u00e9s una manera de facilitar i incentivar la participaci\u00f3 ja que \u00e9s molt m\u00e9s c\u00f2mode i \u00e0gil presentar els originals telem\u00e0ticament. D\u2019altra banda, el termini de presentaci\u00f3 s\u2019ha allargat respecte de convocat\u00f2ries anteriors i aix\u00ed, es podran presentar originals fins al 15 d\u2019octubre.<\/p>\n","protected":false},"excerpt":{"rendered":"<p>El certamen, \u00e9s un dels m\u00e9s dotats econ\u00f2micament de la Comunitat Valenciana, amb 12.000 \u20ac per al guanyador del Premi de Narrativa Juvenil i amb 3.000 \u20ac per al Premi de Poesia Ciutat de Torrent \u00a0L\u2019Ajuntament de Torrent ha aprovat la convocat\u00f2ria d\u2019enguany\u00a0 dels Premis Literaris Ciutat de Torrent. Aix\u00ed, l\u2019Oficina de Promoci\u00f3 i \u00das [&hellip;]<\/p>\n","protected":false},"author":2,"featured_media":1137,"comment_status":"closed","ping_status":"open","sticky":false,"template":"","format":"standard","meta":{"_acf_changed":false,"footnotes":""},"categories":[135,116],"tags":[1100],"class_list":["post-13207","post","type-post","status-publish","format-standard","has-post-thumbnail","hentry","category-dinamitzacio-linguistica","category-noticies","tag-ajuntament-de-torrentpremis-literaris-ciutat-de-torrent"],"acf":[],"_links":{"self":[{"href":"https:\/\/infotorrent.es\/ca\/wp-json\/wp\/v2\/posts\/13207","targetHints":{"allow":["GET"]}}],"collection":[{"href":"https:\/\/infotorrent.es\/ca\/wp-json\/wp\/v2\/posts"}],"about":[{"href":"https:\/\/infotorrent.es\/ca\/wp-json\/wp\/v2\/types\/post"}],"author":[{"embeddable":true,"href":"https:\/\/infotorrent.es\/ca\/wp-json\/wp\/v2\/users\/2"}],"replies":[{"embeddable":true,"href":"https:\/\/infotorrent.es\/ca\/wp-json\/wp\/v2\/comments?post=13207"}],"version-history":[{"count":0,"href":"https:\/\/infotorrent.es\/ca\/wp-json\/wp\/v2\/posts\/13207\/revisions"}],"wp:featuredmedia":[{"embeddable":true,"href":"https:\/\/infotorrent.es\/ca\/wp-json\/wp\/v2\/media\/1137"}],"wp:attachment":[{"href":"https:\/\/infotorrent.es\/ca\/wp-json\/wp\/v2\/media?parent=13207"}],"wp:term":[{"taxonomy":"category","embeddable":true,"href":"https:\/\/infotorrent.es\/ca\/wp-json\/wp\/v2\/categories?post=13207"},{"taxonomy":"post_tag","embeddable":true,"href":"https:\/\/infotorrent.es\/ca\/wp-json\/wp\/v2\/tags?post=13207"}],"curies":[{"name":"wp","href":"https:\/\/api.w.org\/{rel}","templated":true}]}}