{"id":13170,"date":"2020-07-02T14:58:53","date_gmt":"2020-07-02T14:58:53","guid":{"rendered":"https:\/\/infotorrent.es\/uncategorized\/nits-destiu-a-lhort-de-trenor-amenitzara-les-vetlade-torrentines-amb-un-cartell-de-primera\/"},"modified":"2020-07-02T14:56:05","modified_gmt":"2020-07-02T14:56:05","slug":"nits-destiu-a-lhort-de-trenor-amenitzara-les-vetlade-torrentines-amb-un-cartell-de-primera","status":"publish","type":"post","link":"https:\/\/infotorrent.es\/ca\/noticies\/nits-destiu-a-lhort-de-trenor-amenitzara-les-vetlade-torrentines-amb-un-cartell-de-primera\/","title":{"rendered":"Nits d\u2019estiu a l\u2019Hort de Tr\u00e9nor amenitzar\u00e0 les vetlades torrentines amb un cartell de primera"},"content":{"rendered":"<p style=\"text-align: justify;\"><strong>Del 22 de juliol al 24 de juliol, torna una nova edici\u00f3 de Jazz Panorama amb Andrea Motis Quintet, David Pastor \u201cFilm Sessions\u201d i Ximo Tebar \u201cBrazilian Jazz Project\u201d<\/strong><\/p>\n<p style=\"text-align: justify;\">La m\u00fasica ser\u00e0 la protagonista de les vetlades torrentines en la segona quinzena del mes de juliol de la m\u00e0 de Nits d\u2019estiu a l\u2019Hort de Tr\u00e9nor. La programaci\u00f3 de l\u2019Auditori es trasllada enguany a un escenari inigualable per a delectar al p\u00fablic amb el festival Jazz Panorama 2020, a m\u00e9s d&#8217;altres concerts d&#8217;alta qualitat art\u00edstica. Des del 21 fins al 26 de juliol a les 22 h, l&#8217;agenda d&#8217;esdeveniments ofereix tots els ingredients per a convertir-se en una cita indispensable per als amants de la m\u00fasica.<\/p>\n<p style=\"text-align: justify;\">La programaci\u00f3 donar\u00e0 el tret d&#8217;eixida amb l&#8217;espectacle Comandant Lara &amp; CIA, 21 de juliol. Encap\u00e7alat per Luis Lara, un aut\u00e8ntic fenomen medi\u00e0tic en els \u00faltims anys, el xou estar\u00e0 replet d&#8217;humor directe i arriscat, a m\u00e9s de tocar temes compromesos, assegurant les riallades entre el p\u00fablic. En aquesta ocasi\u00f3, el Comandant Lara ve acompanyat de Jes\u00fas Tapia i Vicente Ruidos, que faran les vegades de teloners de manera intercalada durant la funci\u00f3.<\/p>\n<p style=\"text-align: justify;\"><strong>J<\/strong><strong>azz Panorama<\/strong><\/p>\n<p style=\"text-align: justify;\">En la segona nit de Nits d\u2019estiu a l\u2019Hort de Tr\u00e9nor arrancar\u00e0 Jazz Panorama 2020, compost enguany de tres espectacles d&#8217;alta qualitat. En la primera cita, 22 de juliol, el festival rebr\u00e0 a la jove trompetista, cantant i compositora Andrea Motis Quintet, que oferir\u00e0 un repertori de m\u00fasica d&#8217;\u00eddols de la talla de Louis Armstrong i Chet Baker; sempre acompanyada del seu inseparable quartet. Amb una discografia conjunta de vuit treballs i desenes de col\u00b7laboracions en altres projectes, Andrea Motis ha presentat el seu espectacle en els millors festivals de l&#8217;escena jazz\u00edstica nacional i internacional.<\/p>\n<p style=\"text-align: justify;\">L&#8217;equador de Jazz Panorama arribar\u00e0 al costat de David Pastor \u201cFilm Sessions\u201d, que el 23 de juliol transformar\u00e0 les melodies de bandes sonores que formen part de la mem\u00f2ria cinematogr\u00e0fica col\u00b7lectiva per a oferir un espectacle en el qual l&#8217;audi\u00e8ncia connecta amb l&#8217;ess\u00e8ncia de la m\u00fasica a trav\u00e9s del canvi. El quartet internacional liderat pel trompetista David Pastor converteix aix\u00ed en una projecci\u00f3 auditiva que arreplega emblem\u00e0tics t\u00edtols com Chinatown, Breakfast at Tiffany&#8217;s, Black Orpheus i Saturday night fever, entre altres.<\/p>\n<p style=\"text-align: justify;\">El guitarrista, compositor i productor valenci\u00e0 Ximo T\u00e9bar ser\u00e0 l&#8217;encarregat de tancar aquesta edici\u00f3 del festival el 24 de juliol amb \u201cBrazilian Jazz Project\u201d. La seua extensa discografia (19 \u00e0lbums com a l\u00edder), els nombrosos premis que ha rebut, les excel\u00b7lents cr\u00edtiques rebudes, i especialment la modernitat i l&#8217;eclecticisme de la seua m\u00fasica, l&#8217;han portat a ocupar un lloc especial en el m\u00f3n del jazz contemporani. En Brazilian Jazz Project est\u00e0 acompanyat per Gladston Galliza, una veu po\u00e8tica del Brasil plena de matisos que la fan comparable a la de grans com Toninho Horta, Djavan, Milton Nascimiento o Ant\u00f4nio Carlos Jobim.<\/p>\n<p style=\"text-align: justify;\"><strong>Continua el programa art\u00edstic<\/strong><\/p>\n<p style=\"text-align: justify;\">Els jardins de l&#8217; Hort de Tr\u00e9nor vibraran la nit del 25 de juliol amb Michael&#8217;s Legacy,\u00a0avalat pel Club de Fans de Michael Jackson a Espanya com el millor espectacle musical sobre el Rei del Pop en l&#8217;actualitat. Es tracta d&#8217;un homenatge creat per la companyia Jackson Dance Company, que ofereix una escenografia molt cuidada, amb r\u00e8pliques exactes de les can\u00e7ons originals\u00a0i un toc especial dau pel gran cos art\u00edstic format per\u00a0un elenc de quasi vint persones entre ballarins, actors, cantants i t\u00e8cnics.<\/p>\n<p style=\"text-align: justify;\">La guinda final de Nits d\u2019estiu a l\u2019Hort de Tr\u00e9nor ho posar\u00e0 \u00d3scar Tramoyeres, que amb els seus mon\u00f2legs donar\u00e0 un toc d&#8217;humor i traur\u00e0 els somriures de tot el p\u00fablic assistent. Tramoyeres \u00e9s un dels c\u00f2mics m\u00e9s volgut i reclamat pel p\u00fablic valenci\u00e0. Amant de la com\u00e8dia i amb un llarg recorregut professional, arriba directament des de l&#8217;Horta Valenciana (Rafelbunyol) per a pujar-se als escenaris de tota la Comunitat. Amb el seu humor del terreny, f\u00e0cil i directe aconsegueix arrancar als seus espectadors m\u00e9s d&#8217;una riallada.<\/p>\n<p style=\"text-align: justify;\">Les entrades poden adquirir-se en la taquilla de l&#8217;Auditori: dijous de 17 a 20 h; i divendres d&#8217;11 h a 13 h. De manera online, en la web www.auditoritorrent.com; o 2 h abans de cada espectacle en el mateix Hort de Tr\u00e9nor.<\/p>\n<p style=\"text-align: justify;\"><strong>Mesures sanit\u00e0ries<\/strong><\/p>\n<p style=\"text-align: justify;\">S&#8217;aplicaran les necess\u00e0ries mesures sanit\u00e0ries i d&#8217;higiene proposades a cada moment per les autoritats sanit\u00e0ries per a la protecci\u00f3 del p\u00fablic, sent obligatori l&#8217;\u00fas de m\u00e0scares per a accedir al recinte i durant l&#8217;espectacle, guardant la dist\u00e0ncia social i utilitzant gel hidroalcoh\u00f3lic. Finalment, es faran tasques de neteja i desinfecci\u00f3 di\u00e0ria abans i despr\u00e9s de cada espectacle.<\/p>\n","protected":false},"excerpt":{"rendered":"<p>Del 22 de juliol al 24 de juliol, torna una nova edici\u00f3 de Jazz Panorama amb Andrea Motis Quintet, David Pastor \u201cFilm Sessions\u201d i Ximo Tebar \u201cBrazilian Jazz Project\u201d La m\u00fasica ser\u00e0 la protagonista de les vetlades torrentines en la segona quinzena del mes de juliol de la m\u00e0 de Nits d\u2019estiu a l\u2019Hort de [&hellip;]<\/p>\n","protected":false},"author":2,"featured_media":1137,"comment_status":"closed","ping_status":"open","sticky":false,"template":"","format":"standard","meta":{"_acf_changed":false,"footnotes":""},"categories":[117,116],"tags":[],"class_list":["post-13170","post","type-post","status-publish","format-standard","has-post-thumbnail","hentry","category-cultura","category-noticies"],"acf":[],"_links":{"self":[{"href":"https:\/\/infotorrent.es\/ca\/wp-json\/wp\/v2\/posts\/13170","targetHints":{"allow":["GET"]}}],"collection":[{"href":"https:\/\/infotorrent.es\/ca\/wp-json\/wp\/v2\/posts"}],"about":[{"href":"https:\/\/infotorrent.es\/ca\/wp-json\/wp\/v2\/types\/post"}],"author":[{"embeddable":true,"href":"https:\/\/infotorrent.es\/ca\/wp-json\/wp\/v2\/users\/2"}],"replies":[{"embeddable":true,"href":"https:\/\/infotorrent.es\/ca\/wp-json\/wp\/v2\/comments?post=13170"}],"version-history":[{"count":0,"href":"https:\/\/infotorrent.es\/ca\/wp-json\/wp\/v2\/posts\/13170\/revisions"}],"wp:featuredmedia":[{"embeddable":true,"href":"https:\/\/infotorrent.es\/ca\/wp-json\/wp\/v2\/media\/1137"}],"wp:attachment":[{"href":"https:\/\/infotorrent.es\/ca\/wp-json\/wp\/v2\/media?parent=13170"}],"wp:term":[{"taxonomy":"category","embeddable":true,"href":"https:\/\/infotorrent.es\/ca\/wp-json\/wp\/v2\/categories?post=13170"},{"taxonomy":"post_tag","embeddable":true,"href":"https:\/\/infotorrent.es\/ca\/wp-json\/wp\/v2\/tags?post=13170"}],"curies":[{"name":"wp","href":"https:\/\/api.w.org\/{rel}","templated":true}]}}