{"id":13136,"date":"2020-06-17T15:51:23","date_gmt":"2020-06-17T15:51:23","guid":{"rendered":"https:\/\/infotorrent.es\/uncategorized\/la-societat-torrentina-promociona-les-compres-en-el-comerc-local\/"},"modified":"2020-06-17T15:49:39","modified_gmt":"2020-06-17T15:49:39","slug":"la-societat-torrentina-promociona-les-compres-en-el-comerc-local","status":"publish","type":"post","link":"https:\/\/infotorrent.es\/ca\/noticies\/la-societat-torrentina-promociona-les-compres-en-el-comerc-local\/","title":{"rendered":"La societat torrentina promociona les compres en el comer\u00e7 local"},"content":{"rendered":"<p style=\"text-align: justify;\"><strong>Rostres coneguts del dia a dia de Torrent s&#8217;han sumat a la campanya promoguda per l&#8217;Ajuntament \u201c100% amb el comer\u00e7 de Torrent\u201d<\/strong><\/p>\n<p><strong>Al llarg de les pr\u00f2ximes setmanes desfilaran pels Opis de la ciutat personalitats com les falleres majors, els capitans moro i cristi\u00e0, la Reina de la Trobada, aix\u00ed com artistes, m\u00fasics o representants de col\u00b7lectius locals<\/strong><\/p>\n<p>Amb la finalitat de promoure el comer\u00e7 local, l&#8217;Ajuntament de Torrent, a trav\u00e9s de l&#8217;empresa municipal IDEA\u2019T, est\u00e0 desenvolupant la campanya \u00ab100% AMB EL COMER\u00c7 DE TORRENT\u00bb. La iniciativa, que va arrancar fa tres setmanes amb un v\u00eddeo promocional on participaven els establiments minoristes de la ciutat, d\u00f3na suport al comer\u00e7 local destacant les bondats del comer\u00e7 de proximitat: qualitat, tracte personal, experi\u00e8ncia o gran varietat de productes. En aquest sentit, l&#8217;alcalde Jes\u00fas Ros ha animat a la poblaci\u00f3 a comprar a Torrent, <strong>\u201cperqu\u00e8 a Torrent tenim de tot\u201d<\/strong><\/p>\n<p>D&#8217;aquesta forma, Torrent ha comen\u00e7at el dia aquest mat\u00ed amb cares conegudes del municipi en format \u201copi\u201d, cartells penjats en els suports publicitaris instal\u00b7lats en elements de mobiliari urb\u00e0 de la ciutat. Representants festers, d&#8217;associacions o de col\u00b7lectius s&#8217;han volgut sumar a aquesta campanya, que es prolongar\u00e0 amb diferents actuacions al llarg de l&#8217;any 2020, i que la setmana pr\u00f2xima tornar\u00e0 a presentar a altres participants de la iniciativa.<\/p>\n<p>Una iniciativa emmarcada en la l\u00ednia d&#8217;actuaci\u00f3 del Pla d&#8217;Actuaci\u00f3 Municipal de lluita contra el COVID-19\u2019 i que se suma a les ajudes directes a empreses, comer\u00e7os locals, aut\u00f2noms, PIMES i fam\u00edlies afectades pel coronavirus, la creaci\u00f3 d&#8217;un bo d&#8217;animaci\u00f3 al consum o les ajudes per a les actuacions de prevenci\u00f3 sanit\u00e0ria en els seus establiments e fins a 200\u20ac vinculada a l&#8217;adquisici\u00f3 de productes sanitaris i higi\u00e8nics, tals com m\u00e0scares, guants o aparells de control febril; o b\u00e9 per a realitzar actuacions d&#8217;adaptaci\u00f3 dels seus locals al nou escenari, com la instal\u00b7laci\u00f3 de mampares protectores o la reestructuraci\u00f3 o reordenaci\u00f3 dels espais per a mantenir les mesures de distanciaments social.<\/p>\n<p>&nbsp;<\/p>\n<p><img fetchpriority=\"high\" decoding=\"async\" class=\"size-full wp-image-39303 aligncenter\" src=\"https:\/\/www.infotorrent.es\/wp-content\/uploads\/2020\/06\/Comer\u00e7-1.jpg\" alt=\"\" width=\"6000\" height=\"4000\" \/><\/p>\n","protected":false},"excerpt":{"rendered":"<p>Rostres coneguts del dia a dia de Torrent s&#8217;han sumat a la campanya promoguda per l&#8217;Ajuntament \u201c100% amb el comer\u00e7 de Torrent\u201d Al llarg de les pr\u00f2ximes setmanes desfilaran pels Opis de la ciutat personalitats com les falleres majors, els capitans moro i cristi\u00e0, la Reina de la Trobada, aix\u00ed com artistes, m\u00fasics o representants [&hellip;]<\/p>\n","protected":false},"author":2,"featured_media":13138,"comment_status":"closed","ping_status":"open","sticky":false,"template":"","format":"standard","meta":{"_acf_changed":false,"footnotes":""},"categories":[129,116],"tags":[236],"class_list":["post-13136","post","type-post","status-publish","format-standard","has-post-thumbnail","hentry","category-economia-es-2","category-noticies","tag-ajuntament-de-torrent"],"acf":[],"_links":{"self":[{"href":"https:\/\/infotorrent.es\/ca\/wp-json\/wp\/v2\/posts\/13136","targetHints":{"allow":["GET"]}}],"collection":[{"href":"https:\/\/infotorrent.es\/ca\/wp-json\/wp\/v2\/posts"}],"about":[{"href":"https:\/\/infotorrent.es\/ca\/wp-json\/wp\/v2\/types\/post"}],"author":[{"embeddable":true,"href":"https:\/\/infotorrent.es\/ca\/wp-json\/wp\/v2\/users\/2"}],"replies":[{"embeddable":true,"href":"https:\/\/infotorrent.es\/ca\/wp-json\/wp\/v2\/comments?post=13136"}],"version-history":[{"count":0,"href":"https:\/\/infotorrent.es\/ca\/wp-json\/wp\/v2\/posts\/13136\/revisions"}],"wp:featuredmedia":[{"embeddable":true,"href":"https:\/\/infotorrent.es\/ca\/wp-json\/wp\/v2\/media\/13138"}],"wp:attachment":[{"href":"https:\/\/infotorrent.es\/ca\/wp-json\/wp\/v2\/media?parent=13136"}],"wp:term":[{"taxonomy":"category","embeddable":true,"href":"https:\/\/infotorrent.es\/ca\/wp-json\/wp\/v2\/categories?post=13136"},{"taxonomy":"post_tag","embeddable":true,"href":"https:\/\/infotorrent.es\/ca\/wp-json\/wp\/v2\/tags?post=13136"}],"curies":[{"name":"wp","href":"https:\/\/api.w.org\/{rel}","templated":true}]}}