{"id":13113,"date":"2020-06-08T14:01:10","date_gmt":"2020-06-08T14:01:10","guid":{"rendered":"https:\/\/infotorrent.es\/uncategorized\/talents-de-casa-el-programa-de-talent-torrenti-dona-a-coneixer-als-seus-tres-primers-finalistes\/"},"modified":"2020-06-08T13:59:12","modified_gmt":"2020-06-08T13:59:12","slug":"talents-de-casa-el-programa-de-talent-torrenti-dona-a-coneixer-als-seus-tres-primers-finalistes","status":"publish","type":"post","link":"https:\/\/infotorrent.es\/ca\/noticies\/talents-de-casa-el-programa-de-talent-torrenti-dona-a-coneixer-als-seus-tres-primers-finalistes\/","title":{"rendered":"\u2018Talents de Casa\u2019, el programa de talent torrent\u00ed d\u00f3na a con\u00e8ixer als seus tres primers finalistes"},"content":{"rendered":"<p style=\"text-align: justify;\"><strong>Jos\u00e9 Manuel Gim\u00e9nez i Samu Gil es van al\u00e7ar amb el reconeixement dels ambaixadors i van passar a la Gran Final<\/strong><\/p>\n<p><strong>Per part seua, Alba Carmona va encap\u00e7alar la llista dels v\u00eddeos m\u00e9s votats en YouTube i va aconseguir una merescuda pla\u00e7a tamb\u00e9 per a la Gran Final<\/strong><\/p>\n<p>Despr\u00e9s d&#8217;enlairar amb l&#8217;episodi 0 fa dos diumenges presentant les bases i el format del programa, ahir a la vesprada els torrentins i torrentines van poder gaudir del primer cap\u00edtol de \u2018Talents de Casa\u2019, un xou que aposta per l&#8217;art i el talent 100% de Torrent i que \u00e9s una iniciativa del consistori per a entretenir a la ciutadania i, al mateix temps, donar a con\u00e8ixer la creativitat, les habilitats i destreses dels ve\u00efns i ve\u00efnes.<\/p>\n<p style=\"text-align: justify;\">El programa, condu\u00eft per Jos\u00e9 Serer, va comptar amb diferents sorpreses i moments molt divertits que van aconseguir traure un somriure al p\u00fablic. El presentador va mostrar els 12 v\u00eddeos que competien aquesta setmana per convertir-se en els tres primers finalistes i obtenir l&#8217;anhelat premi: participar en la Gran Final.<\/p>\n<p style=\"text-align: justify;\">Aix\u00ed doncs, el primer finalista va ser revelat amb foc, ja que l&#8217;ambaixador Magic Jordi va fer un truc de m\u00e0gia amb un paper on figurava el nom dels seus tres preferits, deixant nom\u00e9s a Jos\u00e9 Manuel Gim\u00e9nez que es va convertir en el primer guanyador de la vesprada. El finalista va ser seleccionat per destacar amb un v\u00eddeo en el qual cantava acompanyat de la seua guitarra la can\u00e7\u00f3 flamenca S.O.S.<\/p>\n<p style=\"text-align: justify;\">L&#8217;emoci\u00f3 va continuar amb Raul Ogalla, que va insistir en la dificultat a l&#8217;hora de triar nom\u00e9s a una persona a causa de la capacitat demostrada en tots els v\u00eddeos presentats. L&#8217;ambaixador es va decidir finalment per Samu Gil, un xiquet que va expressar el seu talent musical amb el saxof\u00f3n interpretant Baghira, del compositor Ferrer Ferran. D&#8217;aquesta forma, Samu ja t\u00e9 un passatge amb destinaci\u00f3 a la Gran Final de \u2018Talents de Casa\u2019.<\/p>\n<p style=\"text-align: justify;\">I va arribar el punt \u00e0lgid de la vesprada coneixent el v\u00eddeo m\u00e9s votat per l&#8217;audi\u00e8ncia. Va ser la periodista Beatriz Carrascosa la que va detallar les votacions realitzades en el canal de YouTube del consistori, declarant a Alba Carmona com la finalista triada pel p\u00fablic. L&#8217;artista va obtenir 503 likes per la seua can\u00e7\u00f3 Energia positiva, amb lletra i m\u00fasica composta per ella mateixa.<\/p>\n<p style=\"text-align: justify;\">Com a convidats especials en aquest primer programa, Pascual Andreu i Saray Garc\u00eda van relatar la seua traject\u00f2ria professional en el m\u00f3n del cant, la l\u00edrica i l&#8217;\u00f2pera, aix\u00ed com la seua experi\u00e8ncia participant en els concerts en directe que l&#8217;Ajuntament de Torrent va organitzar dins de la programaci\u00f3 Pas a pas, nota a nota. I clar, aprofitant el moment, la parella va demostrar les seues magistrals veus interpretant A l&#8217;ombra d&#8217;una ombrel\u00b7la, de la sarsuela Luisa Fernanda.<\/p>\n<p style=\"text-align: justify;\">Per a totes les persones que es van perdre l&#8217;entretingut episodi 1, o b\u00e9 per a les quals vulguen tornar a reviure els millors moments, \u2018Talents de Casa\u2019 pot veure&#8217;s en la p\u00e0gina de Facebook del consistori a trav\u00e9s del seg\u00fcent enlla\u00e7: <span style=\"color: #000000;\"><a style=\"color: #000000;\" href=\"https:\/\/www.facebook.com\/ajuntamentdetorrent\/videos\/304308497272987\/\" target=\"_blank\" rel=\"noopener\">https:\/\/www.facebook.com\/ajuntamentdetorrent\/videos\/304308497272987\/<\/a><\/span><\/p>\n<p style=\"text-align: justify;\"><strong>Episodi 2<\/strong><\/p>\n<p style=\"text-align: justify;\">D&#8217;altra banda, avui s&#8217;han obert les votacions per a triar al favorit o favorita del p\u00fablic d&#8217;aquesta setmana, que es donar\u00e0 a con\u00e8ixer al costat dels dos finalistes seleccionats pels ambaixadors en el pr\u00f2xim programa de \u2018Talents de Casa\u2019, diumenge 14 de juny. Vint-i-una propostes que inclouen m\u00fasica, arts pl\u00e0stiques o com\u00e8dia, tot aix\u00f2 esperant que els torrentins i torrentines trien als seus preferits i els premien amb un Like en el canal de YouTube de l&#8217;Ajuntament de Torrent:<\/p>\n<p><span style=\"color: #000000;\"><a style=\"color: #000000;\" href=\"https:\/\/www.youtube.com\/playlist?list=PLpZ_5IVRbgD_JUZO88uxYXe9hCDaxZfMV\" target=\"_blank\" rel=\"noopener\"><span class=\"Apple-converted-space\">\u00a0<\/span>https:\/\/www.youtube.com\/playlist?list=PLpZ_5IVRbgD_JUZO88uxYXe9hCDaxZfMV<\/a><\/span><\/p>\n<p>&nbsp;<\/p>\n<p><img fetchpriority=\"high\" decoding=\"async\" class=\"size-full wp-image-39207 aligncenter\" src=\"https:\/\/www.infotorrent.es\/wp-content\/uploads\/2020\/06\/Samu-Gil.jpg\" alt=\"\" width=\"798\" height=\"458\" \/><\/p>\n<p>&nbsp;<\/p>\n<p><img decoding=\"async\" class=\"size-full wp-image-39205 aligncenter\" src=\"https:\/\/www.infotorrent.es\/wp-content\/uploads\/2020\/06\/Jose-Manuel-Gimenez.jpg\" alt=\"\" width=\"809\" height=\"478\" \/><\/p>\n","protected":false},"excerpt":{"rendered":"<p>Jos\u00e9 Manuel Gim\u00e9nez i Samu Gil es van al\u00e7ar amb el reconeixement dels ambaixadors i van passar a la Gran Final Per part seua, Alba Carmona va encap\u00e7alar la llista dels v\u00eddeos m\u00e9s votats en YouTube i va aconseguir una merescuda pla\u00e7a tamb\u00e9 per a la Gran Final Despr\u00e9s d&#8217;enlairar amb l&#8217;episodi 0 fa dos [&hellip;]<\/p>\n","protected":false},"author":2,"featured_media":13115,"comment_status":"closed","ping_status":"open","sticky":false,"template":"","format":"standard","meta":{"_acf_changed":false,"footnotes":""},"categories":[126,116],"tags":[],"class_list":["post-13113","post","type-post","status-publish","format-standard","has-post-thumbnail","hentry","category-cultura-es-2","category-noticies"],"acf":[],"_links":{"self":[{"href":"https:\/\/infotorrent.es\/ca\/wp-json\/wp\/v2\/posts\/13113","targetHints":{"allow":["GET"]}}],"collection":[{"href":"https:\/\/infotorrent.es\/ca\/wp-json\/wp\/v2\/posts"}],"about":[{"href":"https:\/\/infotorrent.es\/ca\/wp-json\/wp\/v2\/types\/post"}],"author":[{"embeddable":true,"href":"https:\/\/infotorrent.es\/ca\/wp-json\/wp\/v2\/users\/2"}],"replies":[{"embeddable":true,"href":"https:\/\/infotorrent.es\/ca\/wp-json\/wp\/v2\/comments?post=13113"}],"version-history":[{"count":0,"href":"https:\/\/infotorrent.es\/ca\/wp-json\/wp\/v2\/posts\/13113\/revisions"}],"wp:featuredmedia":[{"embeddable":true,"href":"https:\/\/infotorrent.es\/ca\/wp-json\/wp\/v2\/media\/13115"}],"wp:attachment":[{"href":"https:\/\/infotorrent.es\/ca\/wp-json\/wp\/v2\/media?parent=13113"}],"wp:term":[{"taxonomy":"category","embeddable":true,"href":"https:\/\/infotorrent.es\/ca\/wp-json\/wp\/v2\/categories?post=13113"},{"taxonomy":"post_tag","embeddable":true,"href":"https:\/\/infotorrent.es\/ca\/wp-json\/wp\/v2\/tags?post=13113"}],"curies":[{"name":"wp","href":"https:\/\/api.w.org\/{rel}","templated":true}]}}