{"id":13098,"date":"2020-06-01T13:54:16","date_gmt":"2020-06-01T13:54:16","guid":{"rendered":"https:\/\/infotorrent.es\/uncategorized\/torrent-es-bolca-amb-el-comerc-local-en-la-campanya-100-amb-el-comerc-de-torrent\/"},"modified":"2020-06-01T13:52:25","modified_gmt":"2020-06-01T13:52:25","slug":"torrent-es-bolca-amb-el-comerc-local-en-la-campanya-100-amb-el-comerc-de-torrent","status":"publish","type":"post","link":"https:\/\/infotorrent.es\/ca\/noticies\/torrent-es-bolca-amb-el-comerc-local-en-la-campanya-100-amb-el-comerc-de-torrent\/","title":{"rendered":"Torrent es bolca amb el comer\u00e7 local en la campanya \u2018100% amb el comer\u00e7 de Torrent\u2019"},"content":{"rendered":"<p style=\"text-align: justify;\"><strong>La iniciativa ha comen\u00e7at amb un v\u00eddeo promocional que es va estrenar divendres passat en xarxes socials aconseguint superar les 10.300 reproduccions<\/strong><\/p>\n<p>L&#8217;Ajuntament de Torrent, a trav\u00e9s de l&#8217;empresa municipal IDEA&#8217;T, ha iniciat la campanya &#8220;100% AMB EL COMER\u00c7 DE TORRENT&#8221;. Es tracta d&#8217;una acci\u00f3 de suport i promoci\u00f3 del comer\u00e7 local que es prolongar\u00e0 amb diferents actuacions al llarg de l&#8217;any 2020. <strong>\u201cDes del consistori som conscients que els nostres locals d&#8217;hostaleria i els nostres comer\u00e7os necessiten, ara m\u00e9s que mai, el nostre suport, per la qual cosa entre les nostres prioritats a curt i llarg termini es troben tota classe de propostes i iniciatives per a la regeneraci\u00f3 del teixit comercial, hostaler i empresarial\u201d<\/strong>, ha assenyalat el regidor de l&#8217;\u00e0rea de Comer\u00e7 i Ind\u00fastria, Andr\u00e9s Campos.<\/p>\n<p>\u201c100% AMB EL COMER\u00c7 DE TORRENT\u201d es va estrenar divendres passat amb un v\u00eddeo publicat en les xarxes socials d&#8217;Idea\u00b4t i de l&#8217;Ajuntament de Torrent en el qual els protagonistes s\u00f3n precisament els establiments minoristes de ciutat i en el qual es destaquen les bondats del comer\u00e7 de proximitat: qualitat, tracte personal, experi\u00e8ncia o varietat de productes. Per a la seua realitzaci\u00f3 s&#8217;ha comptat amb la col\u00b7laboraci\u00f3 de les dues associacions de comer\u00e7os: TORRENT COMERCIAL i ACST.\u00a0El v\u00eddeo, que ha sigut tot un \u00e8xit superant les 10.300 reproduccions, pot visionar-se en el seg\u00fcent enlla\u00e7: <span style=\"color: #000000;\"><a style=\"color: #000000;\" href=\"https:\/\/www.facebook.com\/ajuntamentdetorrent\/videos\/754197131650869\/\" target=\"_blank\" rel=\"noopener\">https:\/\/www.facebook.com\/ajuntamentdetorrent\/videos\/754197131650869\/<\/a><\/span><\/p>\n<p>En breu es posaran en marxa altres iniciatives dins d&#8217;aquesta campanya en les quals s&#8217;involucraran cares conegudes de Torrent i el principal objectiu de les quals ser\u00e0 visibilitzar el comer\u00e7 local i sensibilitzar a la poblaci\u00f3 de la import\u00e0ncia de comprar i consumir en el municipi.\u00e7<\/p>\n<p>&nbsp;<\/p>\n<p><img fetchpriority=\"high\" decoding=\"async\" class=\"size-full wp-image-39146 aligncenter\" src=\"https:\/\/www.infotorrent.es\/wp-content\/uploads\/2020\/06\/comercio1.jpg\" alt=\"\" width=\"798\" height=\"466\" \/><\/p>\n","protected":false},"excerpt":{"rendered":"<p>La iniciativa ha comen\u00e7at amb un v\u00eddeo promocional que es va estrenar divendres passat en xarxes socials aconseguint superar les 10.300 reproduccions L&#8217;Ajuntament de Torrent, a trav\u00e9s de l&#8217;empresa municipal IDEA&#8217;T, ha iniciat la campanya &#8220;100% AMB EL COMER\u00c7 DE TORRENT&#8221;. Es tracta d&#8217;una acci\u00f3 de suport i promoci\u00f3 del comer\u00e7 local que es prolongar\u00e0 [&hellip;]<\/p>\n","protected":false},"author":2,"featured_media":13100,"comment_status":"closed","ping_status":"open","sticky":false,"template":"","format":"standard","meta":{"_acf_changed":false,"footnotes":""},"categories":[129,116],"tags":[],"class_list":["post-13098","post","type-post","status-publish","format-standard","has-post-thumbnail","hentry","category-economia-es-2","category-noticies"],"acf":[],"_links":{"self":[{"href":"https:\/\/infotorrent.es\/ca\/wp-json\/wp\/v2\/posts\/13098","targetHints":{"allow":["GET"]}}],"collection":[{"href":"https:\/\/infotorrent.es\/ca\/wp-json\/wp\/v2\/posts"}],"about":[{"href":"https:\/\/infotorrent.es\/ca\/wp-json\/wp\/v2\/types\/post"}],"author":[{"embeddable":true,"href":"https:\/\/infotorrent.es\/ca\/wp-json\/wp\/v2\/users\/2"}],"replies":[{"embeddable":true,"href":"https:\/\/infotorrent.es\/ca\/wp-json\/wp\/v2\/comments?post=13098"}],"version-history":[{"count":0,"href":"https:\/\/infotorrent.es\/ca\/wp-json\/wp\/v2\/posts\/13098\/revisions"}],"wp:featuredmedia":[{"embeddable":true,"href":"https:\/\/infotorrent.es\/ca\/wp-json\/wp\/v2\/media\/13100"}],"wp:attachment":[{"href":"https:\/\/infotorrent.es\/ca\/wp-json\/wp\/v2\/media?parent=13098"}],"wp:term":[{"taxonomy":"category","embeddable":true,"href":"https:\/\/infotorrent.es\/ca\/wp-json\/wp\/v2\/categories?post=13098"},{"taxonomy":"post_tag","embeddable":true,"href":"https:\/\/infotorrent.es\/ca\/wp-json\/wp\/v2\/tags?post=13098"}],"curies":[{"name":"wp","href":"https:\/\/api.w.org\/{rel}","templated":true}]}}