{"id":13047,"date":"2020-05-08T14:46:22","date_gmt":"2020-05-08T14:46:22","guid":{"rendered":"https:\/\/infotorrent.es\/uncategorized\/torrent-es-prepara-per-a-entrar-en-la-fase-1-de-la-desescalada\/"},"modified":"2020-05-08T14:43:44","modified_gmt":"2020-05-08T14:43:44","slug":"torrent-es-prepara-per-a-entrar-en-la-fase-1-de-la-desescalada","status":"publish","type":"post","link":"https:\/\/infotorrent.es\/ca\/noticies\/torrent-es-prepara-per-a-entrar-en-la-fase-1-de-la-desescalada\/","title":{"rendered":"Torrent es prepara per a entrar en la fase 1 de la desescalada"},"content":{"rendered":"<p style=\"text-align: justify;\"><strong>Per a donar resposta a tots els dubtes dels hostalers davant la volta a la seua activitat, l&#8217;Ajuntament de Torrent ha habilitat el tel\u00e8fon directe 96 111 18 20<\/strong><\/p>\n<p style=\"text-align: justify;\"><strong>La biblioteca reprendr\u00e0 l&#8217;activitat presencial amb aforament limitat i mesures de seguretat en la zona d&#8217;estudi<\/strong><\/p>\n<p style=\"text-align: justify;\"><strong>L&#8217;atenci\u00f3 presencial a dones torna a Casa de la D\u00f3na, que ha preparat una programaci\u00f3 especial online de l&#8217;espai \u201cElles compten\u201d per a les pr\u00f2ximes setmanes<\/strong><\/p>\n<p style=\"text-align: justify;\"><strong>Igualment, a partir del dia 15 de maig es reactivar\u00e0 el servei TorrentBici de manera totalment gratu\u00efta durant tot 2020<\/strong><\/p>\n<p style=\"text-align: justify;\">La ciutat de Torrent es prepara per a la presumible entrada en la fase 1 del &#8216;Pla per a la transici\u00f3 cap a una nova normalitat&#8217; la setmana vinent, sempre que es complisquen els requisits establits pel Ministeri de Sanitat. Aix\u00ed, tot est\u00e0 llest per a poder fer un pas m\u00e9s en aquest proc\u00e9s de desescalada que alleuja el confinament i en el qual es poden realitzar m\u00e9s activitats fora de les llars.<\/p>\n<p style=\"text-align: justify;\">Entre elles, la biblioteca Metre i l&#8217;Arxiu tornaran a obrir les seues portes en aquesta fase. Encara que la biblioteca ha estat totalment activa durant tot el per\u00edode de confinament, amb clubs de lectura online, tant per al p\u00fablic infantil com adult, aix\u00ed com tramitant els carnets de la biblioteca necessaris per al servei de pr\u00e9stec de llibres a trav\u00e9s de eBiblio\u200b. No obstant aix\u00f2, aquest dilluns es reprendria l&#8217;activitat presencial complint amb totes les mesures sanit\u00e0ries i higi\u00e8niques i seguint el sistema de gesti\u00f3 de devoluci\u00f3 de llibres establit per la Biblioteca Nacional d&#8217;Espanya. L&#8217;horari al p\u00fablic ser\u00e0 de 9.00 a 20.30 i fins a les 19.30 h per a devoluci\u00f3 o pr\u00e9stec de llibres, per a aquests \u00faltims caldr\u00e0 demanar cita pr\u00e8via a bibliometro@torrent.es, al tel\u00e8fon 96 111 18 51 o tamb\u00e9 a trav\u00e9s de la p\u00e0gina web de l&#8217;ajuntament en: \u201csol\u00b7licitud cita pr\u00e8via biblioteca\u201d. Quant a la zona d&#8217;estudi, l&#8217;aforament estar\u00e0 limitat i caldr\u00e0 utilitzar m\u00e0scares i guants.<\/p>\n<p style=\"text-align: justify;\"><strong>Assist\u00e8ncia i activitats a casa de la D\u00f3na<\/strong><\/p>\n<p style=\"text-align: justify;\">Des de Casa de la D\u00f3na segueix l&#8217;atenci\u00f3 social i acompanyament psicol\u00f2gic en el tel\u00e8fon 96 111 18 58, per\u00f2 aquest dijous 7 de maig s&#8217;ha repr\u00e8s l&#8217;atenci\u00f3 presencial a dones per part de les professionals al carrer Ramon i Cajal 7, realitzant-se els dijous de 9h a 14h, per a atenci\u00f3 i seguiment a dones que no puguen ser ateses telef\u00f2nicament. Tot aix\u00f2 complint amb les mesures sanit\u00e0ries i de seguretat i sempre amb cita pr\u00e8via. Una atenci\u00f3 que d&#8217;igual manera s&#8217;ha repr\u00e8s en l&#8217;\u00e0rea de Joventut en el mateix horari per a dubtes que no puguen ser resoltes de manera telem\u00e0tica o per via telef\u00f2nica.<\/p>\n<p style=\"text-align: justify;\">Des de Casa de la D\u00f3na, a m\u00e9s, es continua preparant activitats especials virtuals per a les pr\u00f2ximes setmanes. El ja conegut espai de \u201cElles Compten\u201d presa un format en l\u00ednia i, durant els tres \u00faltims dijous del mes de maig, ens porta 3 convidades nacionalment reconegudes: Pamela Palenciano, el 14 de maig, actriu i autora del mon\u00f2leg &#8220;No solament dolen els colps&#8221;; Susana Gisbert, el 21 de maig, escriptora i fiscal valenciana especialitzada en viol\u00e8ncia de g\u00e8nere; i \u201cL&#8217;Altra\u201d, el 28 de maig, cantant i compositora feminista, que ens brindar\u00e0 un concert. Les activitats s&#8217;emetran en directe, a les 18h, des de les xarxes de Casa de la D\u00f3na Torrent.<\/p>\n<p style=\"text-align: justify;\">Tamb\u00e9 seguir\u00e0 la programaci\u00f3 de v\u00eddeos-tallers amb les col\u00b7laboradores habituals de Casa de la D\u00f3na, a la qual se suma com a novetat la realitzaci\u00f3 d&#8217;un cinef\u00f3rum. L&#8217;objectiu \u00e9s que les dones de Torrent, aix\u00ed com tota la poblaci\u00f3, se senten acompanyades en aquest temps d&#8217;emerg\u00e8ncia, que tinguen la facilitat de seguir amb els seus processos d&#8217;aprenentatge i creixement personal gr\u00e0cies als tallers i activitats i que puguen continuar comptant amb Casa de la D\u00f3na fins i tot virtualment.<\/p>\n<p style=\"text-align: justify;\"><strong>Reprendre les activitats esportives<\/strong><\/p>\n<p style=\"text-align: justify;\">Des de l&#8217;\u00e0rea d&#8217;Esports de l&#8217;Ajuntament s&#8217;est\u00e0 treballant en l&#8217;obertura de les instal\u00b7lacions esportives de Torrent. Per aix\u00f2, ja s&#8217;estan adequant i duent a terme tasques de neteja i desinfecci\u00f3, i pr\u00f2ximament s&#8217;informar\u00e0 de les condicions d&#8217;\u00fas i horaris.<br \/>\nPel fet que les instal\u00b7lacions esportives han rom\u00e0s tancades durant l&#8217;estat d&#8217;alarma, la Fundaci\u00f3 Esportiva Municipal (FDM) ja va comunicar que per a aquells usuaris de centres esportius que hagueren realitzat algun pagament per endavant, el per\u00edode de tancament de les instal\u00b7lacions no ser\u00e0 tingut en compte en aquest pagament i se li compensaria l&#8217;import amb un altre per\u00edode una vegada que es re\u00f2briguen els centres esportius, sense perjudici del seu dret a devoluci\u00f3 de les quotes dels cursos.<\/p>\n<p style=\"text-align: justify;\">Aix\u00ed mateix, el dimarts es posar\u00e0 en marxa la plataforma \u201cTorrent en forma\u201d (www.torrentenforma.es), un projecte online amb m\u00e9s de 300 v\u00eddeos de diferents classes i sessions, entre altres, d&#8217;aer\u00f2bic, pilates, ioga, txi kung, manteniment per a persones majors, cardio, dansa oriental; fins i tot tallers amb un psic\u00f2leg esportiu, un fisioterapeuta i un nutricionista\u201d.<\/p>\n<p style=\"text-align: justify;\"><strong>Represa de l&#8217;activitat hostalera<\/strong><br \/>\nEn aquesta nova fase, la qual permetr\u00e0 la obertura d&#8217;establiments comercials i locals hostalers, que podran disposar de les seues terrasses, es plantegen diversos dubtes per als hostalers. Per aquest motiu s&#8217;ha habilitat el tel\u00e8fon 96 111 18 20 per a donar resposta a tots aquests professionals i que puguen adaptar-se a les mesures.<\/p>\n<p style=\"text-align: justify;\">En aquest sentit, el consistori recorda que amb el previsible muntatge de les terrasses a primera hora del dilluns, moltes d&#8217;elles en zones d&#8217;aparcament actualment ocupades, la ciutadania haur\u00e0 de retirar els seus vehicles a temps com ja es feia anteriorment, col\u00b7laborant aix\u00ed en el retorn a l&#8217;activitat dels nostres bars i restaurants.<\/p>\n<p style=\"text-align: justify;\"><strong>Torna TorrentBici de forma gratu\u00efta durant 2020<\/strong><\/p>\n<p style=\"text-align: justify;\">D&#8217;altra banda, tamb\u00e9 es reactivar\u00e0 el servei municipal TorrentBici, paralitzat des del mes de mar\u00e7 amb la declaraci\u00f3 de l&#8217;estat d&#8217;alarma. A partir del 15 de maig, els usuaris i usu\u00e0ries podran disposar de les bicicletes de manera gratu\u00efta durant tot 2020. A m\u00e9s, com a novetat, les persones que visquen en zones fora del nucli urb\u00e0, entre elles, El Vedat i disseminats o procedents d&#8217;altres nuclis lim\u00edtrofs que necessiten traslladar-se a treballar fins al pol\u00edgon o al centre amb la finalitat de potenciar aquest mitj\u00e0 de transport m\u00e9s sostenible, econ\u00f2mic i segur per a complir amb les normes sanit\u00e0ries de la desescalada. D&#8217;aquesta forma, els beneficiaris d&#8217;aquest nou servei de pr\u00e9stec que ho sol\u00b7liciten podran portar-se a la seua casa la bicicleta sempre que acrediten una s\u00e8rie de requisits i complisquen amb les normes d&#8217;\u00fas.<\/p>\n<p style=\"text-align: justify;\">Per part seua, Serveis Socials continua parant atenci\u00f3 no presencial a trav\u00e9s dels tel\u00e8fons dels centres: Centre Social Santo Domingo: 96 111 18 60; Centre Verge de l&#8217;Olivar: 96 111 18 65; Centre Social Xenillet: 96 111 18 63; Centre Social La Marina: 96 111 18 64.<\/p>\n<p style=\"text-align: justify;\"><strong>Mercats no sedentaris<\/strong><\/p>\n<p style=\"text-align: justify;\">En aquesta volta a la nova normalitat, avui s&#8217;ha repr\u00e8s el mercat de venda no sedent\u00e0ria dels divendres del Mercat Central, complint amb tota la normativa sanit\u00e0ria per a protegir als torrentins i torrentines, aix\u00ed com als comerciants. Dem\u00e0 ser\u00e0 el torn per al mercat dels dissabtes de Sant Gregori, que ja es va celebrar la setmana passada per primera vegada des de la seua interrupci\u00f3 per l&#8217;estat d&#8217;alarma.<\/p>\n<p style=\"text-align: justify;\">Finalment, a tot l&#8217;anterior s&#8217;inclouen en aquesta fase 1 altres novetats, entre altres, les reunions amb amics o familiars, sempre que siga fins a un m\u00e0xim de deu persones i que es mantinguen les dist\u00e0ncies de seguretat de dos metres i es respecten les normes d&#8217;higiene relativa a la rentada de mans; tamb\u00e9 es podran assistir a enterraments o vetles i anar a l&#8217;esgl\u00e9sia.<\/p>\n<p>&nbsp;<\/p>\n<p><img fetchpriority=\"high\" decoding=\"async\" class=\"size-full wp-image-38879 aligncenter\" src=\"https:\/\/www.infotorrent.es\/wp-content\/uploads\/2020\/05\/mercado07.png\" alt=\"\" width=\"3724\" height=\"2096\" \/><\/p>\n","protected":false},"excerpt":{"rendered":"<p>Per a donar resposta a tots els dubtes dels hostalers davant la volta a la seua activitat, l&#8217;Ajuntament de Torrent ha habilitat el tel\u00e8fon directe 96 111 18 20 La biblioteca reprendr\u00e0 l&#8217;activitat presencial amb aforament limitat i mesures de seguretat en la zona d&#8217;estudi L&#8217;atenci\u00f3 presencial a dones torna a Casa de la D\u00f3na, [&hellip;]<\/p>\n","protected":false},"author":2,"featured_media":13049,"comment_status":"closed","ping_status":"open","sticky":false,"template":"","format":"standard","meta":{"_acf_changed":false,"footnotes":""},"categories":[116,151],"tags":[236],"class_list":["post-13047","post","type-post","status-publish","format-standard","has-post-thumbnail","hentry","category-noticies","category-sanitat","tag-ajuntament-de-torrent"],"acf":[],"_links":{"self":[{"href":"https:\/\/infotorrent.es\/ca\/wp-json\/wp\/v2\/posts\/13047","targetHints":{"allow":["GET"]}}],"collection":[{"href":"https:\/\/infotorrent.es\/ca\/wp-json\/wp\/v2\/posts"}],"about":[{"href":"https:\/\/infotorrent.es\/ca\/wp-json\/wp\/v2\/types\/post"}],"author":[{"embeddable":true,"href":"https:\/\/infotorrent.es\/ca\/wp-json\/wp\/v2\/users\/2"}],"replies":[{"embeddable":true,"href":"https:\/\/infotorrent.es\/ca\/wp-json\/wp\/v2\/comments?post=13047"}],"version-history":[{"count":0,"href":"https:\/\/infotorrent.es\/ca\/wp-json\/wp\/v2\/posts\/13047\/revisions"}],"wp:featuredmedia":[{"embeddable":true,"href":"https:\/\/infotorrent.es\/ca\/wp-json\/wp\/v2\/media\/13049"}],"wp:attachment":[{"href":"https:\/\/infotorrent.es\/ca\/wp-json\/wp\/v2\/media?parent=13047"}],"wp:term":[{"taxonomy":"category","embeddable":true,"href":"https:\/\/infotorrent.es\/ca\/wp-json\/wp\/v2\/categories?post=13047"},{"taxonomy":"post_tag","embeddable":true,"href":"https:\/\/infotorrent.es\/ca\/wp-json\/wp\/v2\/tags?post=13047"}],"curies":[{"name":"wp","href":"https:\/\/api.w.org\/{rel}","templated":true}]}}