{"id":13023,"date":"2020-04-24T15:16:46","date_gmt":"2020-04-24T15:16:46","guid":{"rendered":"https:\/\/infotorrent.es\/uncategorized\/torrent-torna-a-ampliar-el-termini-del-pagament-voluntari-de-limpost-sobre-vehicles-de-traccio-mecanica-fins-al-30-de-maig\/"},"modified":"2020-04-24T15:15:13","modified_gmt":"2020-04-24T15:15:13","slug":"torrent-torna-a-ampliar-el-termini-del-pagament-voluntari-de-limpost-sobre-vehicles-de-traccio-mecanica-fins-al-30-de-maig","status":"publish","type":"post","link":"https:\/\/infotorrent.es\/ca\/noticies\/torrent-torna-a-ampliar-el-termini-del-pagament-voluntari-de-limpost-sobre-vehicles-de-traccio-mecanica-fins-al-30-de-maig\/","title":{"rendered":"Torrent torna a ampliar el termini del pagament voluntari de l&#8217;Impost sobre vehicles de tracci\u00f3 mec\u00e0nica fins al 30 de maig"},"content":{"rendered":"<p style=\"text-align: justify;\"><strong>Els torrentins i torrentines poden descarregar el rebut en la p\u00e0gina web: www.torrent.es <\/strong><\/p>\n<p>L&#8217;Ajuntament de Torrent continua treballant i plantejant noves mesures pensant en tots els torrentins i torrentines que han de fer front a la crisi social i econ\u00f2mica generada pel COVID-19. Aix\u00ed, s&#8217;ha ampliat per segona vegada el termini del pagament voluntari del IVTM (Impost sobre Vehicles\u00a0de Tracci\u00f3 Mec\u00e0nica) fins al 30 de maig.<br \/>\nLa ciutadania pot descarregar-se el rebut de forma telem\u00e0tica amb certificat digital en la seu electr\u00f2nica o formulari en la p\u00e0gina web municipal www.torrent.es en el seg\u00fcent enlla\u00e7: https:\/\/tributs.torrent.es:444\/NoCert\/aplicacion.asp<\/p>\n<p>Al mateix temps, en el mateix portal web s&#8217;ha obert l&#8217;acc\u00e9s a la gesti\u00f3 del tr\u00e0mit de padr\u00f3, que est\u00e0 sent molt demandat durant les \u00faltimes setmanes. D&#8217;aquesta forma, les persones interessades poden sol\u00b7licitar el seu certificat d&#8217;empadronament amb o sense signatura digital. En el segon cas es pot seguir un manual d&#8217;instruccions que explica com es poden sol\u00b7licitar els tres tipus de certificats diferents, depenent perqu\u00e8 es necessite es demanar\u00e0 l&#8217;un o l&#8217;altre. Aquests s\u00f3n: Certificat d&#8217;empadronament individual, sobre una persona, acredita la resid\u00e8ncia.; Certificat d&#8217;empadronament hist\u00f2ric, sobre una persona, a m\u00e9s d&#8217;acreditar la resid\u00e8ncia indica els per\u00edodes de temps; i Certificat col\u00b7lectiu, acredita la resid\u00e8ncia de totes aquelles persones inscrites en la mateixa fulla padronal, dit d&#8217;una altra forma, arreplega en un sol document totes les persones que consten en la mateixa direcci\u00f3 que el sol\u00b7licitant del formulari.<\/p>\n<p style=\"text-align: justify;\">La sol\u00b7licitud del certificat del Padr\u00f3 pot realitzar-se en el seg\u00fcent enlla\u00e7: https:\/\/www.torrent.es\/torrentpublic\/inicio\/coneixer\/slidercovid19.html#Padro<\/p>\n<p style=\"text-align: justify;\">A aquests tr\u00e0mits se suma la gesti\u00f3 per a sol\u00b7licitar el certificat digital de ACCV que durant les passades setmanes s&#8217;ha facilitat a trav\u00e9s de la web municipal. D&#8217;aquesta manera, els torrentins i torrentines poden realitzar la sol\u00b7licitud d&#8217;aquest document identificatiu necessari, entre altres tr\u00e0mits, per al pr\u00f2xim Per\u00edode de Matriculaci\u00f3 per al Curs 2020-21.<\/p>\n<p><strong>Dia del llibre<\/strong><\/p>\n<p>Per a celebrar el Dia Internacional del Llibre, l&#8217;Ajuntament de Torrent va oferir ahir una programaci\u00f3 especial liter\u00e0ria a trav\u00e9s de les xarxes socials. D&#8217;una banda, es va estrenar el Club de lectura online per a adults commemorant i fomentant la import\u00e0ncia dels llibres en les nostres vides i, per un altre, una lectura p\u00fablica en valenci\u00e0.<\/p>\n<p style=\"text-align: justify;\">El Club de lectura online, que va tenir un gran \u00e8xit de participaci\u00f3, va estar condu\u00eft per Yolanda Par\u00eds, bibliotec\u00e0ria de la biblioteca municipal Metre, que va obrir un debat sobre el llibre La mare de Frankenstein, d&#8217;Almudena Grandes; un apassionant relat d&#8217;una dona i un home a el\u00a0Hospital Psiqui\u00e0tric de Ciempozuelos durant la postguerra espanyola. A m\u00e9s, es va anunciar que aquest Club de lectura continuar\u00e0 obert i dimarts que ve, 5 de maig, els torrentins i torrentines s&#8217;endinsaran en el thriller de Juan G\u00f3mez-Jurado, Reina Roja.<\/p>\n<p>Aquest projecte literari s&#8217;ha completat aquest mat\u00ed amb el Club de lectura infantil que, a c\u00e0rrec tamb\u00e9 de Yolanda Par\u00eds, ha sigut tot un \u00e8xit de participaci\u00f3 divendres despr\u00e9s de divendres des que va n\u00e0ixer el passat 3 d&#8217;abril. En la cita de hui, els xiquets i xiquetes han fet una cr\u00edtica liter\u00e0ria del xicotet Nicol\u00e1s, de Goscinny-Semp\u00e9, demostrant amb els seus bons comentaris que es tracta d&#8217;una obra molt divertida i entretinguda.<\/p>\n<p>Una altra de les activitats, organitzada per l&#8217;Oficina de Promoci\u00f3 i \u00das del Valenci\u00e0 del consistori, va ser una lectura p\u00fablica que va comptar amb la participaci\u00f3 de m\u00e9s d&#8217;un centenar de persones. Cada lector o lectora es va gravar en un v\u00eddeo des de la seua casa enviant-lo per correu al gabinet de premsa municipal per a realitzar un muntatge segons edat, tem\u00e0tica o grup, com el format pels membres del Voluntariat pel Valenci\u00e0.<\/p>\n<p style=\"text-align: justify;\">El primer v\u00eddeo que es va publicar, tant en la p\u00e0gina de Facebook de l&#8217;Ajuntament de Torrent com en la de Promoci\u00f3 i \u00das del Valenci\u00e0, va comptar amb la participaci\u00f3 de la regidora de Biblioteques, Patricia S\u00e1ez, llegint un fragment de Aig\u00fca en cistella, de Carme Miquel; la regidora de Cultura, Susi Ferrer, que va recordar el llibre del torrent\u00ed Vicent Palacios, El carrer de Sant Onofre; i els representants de la corporaci\u00f3 municipal. Aix\u00ed mateix, en el mateix v\u00eddeo es va gaudir de la lectura de Joan Carles Ventura, guanyador del Premi Narrativa Juvenil Ciutat de Torrent, amb Estira el fil, Ariadna!; Francesc Pastor Verd\u00fa, guanyador del Premi de Poesia ciutat de Torrent, recitant uns versos de Nus de somnis; i, finalment, Vicent Sanhermelando, finalista del Premi de Narrativa Juvenil Ciutat de Torrent.<\/p>\n<p style=\"text-align: justify;\">\n","protected":false},"excerpt":{"rendered":"<p>Els torrentins i torrentines poden descarregar el rebut en la p\u00e0gina web: www.torrent.es L&#8217;Ajuntament de Torrent continua treballant i plantejant noves mesures pensant en tots els torrentins i torrentines que han de fer front a la crisi social i econ\u00f2mica generada pel COVID-19. Aix\u00ed, s&#8217;ha ampliat per segona vegada el termini del pagament voluntari del [&hellip;]<\/p>\n","protected":false},"author":2,"featured_media":1137,"comment_status":"closed","ping_status":"open","sticky":false,"template":"","format":"standard","meta":{"_acf_changed":false,"footnotes":""},"categories":[129,116],"tags":[236],"class_list":["post-13023","post","type-post","status-publish","format-standard","has-post-thumbnail","hentry","category-economia-es-2","category-noticies","tag-ajuntament-de-torrent"],"acf":[],"_links":{"self":[{"href":"https:\/\/infotorrent.es\/ca\/wp-json\/wp\/v2\/posts\/13023","targetHints":{"allow":["GET"]}}],"collection":[{"href":"https:\/\/infotorrent.es\/ca\/wp-json\/wp\/v2\/posts"}],"about":[{"href":"https:\/\/infotorrent.es\/ca\/wp-json\/wp\/v2\/types\/post"}],"author":[{"embeddable":true,"href":"https:\/\/infotorrent.es\/ca\/wp-json\/wp\/v2\/users\/2"}],"replies":[{"embeddable":true,"href":"https:\/\/infotorrent.es\/ca\/wp-json\/wp\/v2\/comments?post=13023"}],"version-history":[{"count":0,"href":"https:\/\/infotorrent.es\/ca\/wp-json\/wp\/v2\/posts\/13023\/revisions"}],"wp:featuredmedia":[{"embeddable":true,"href":"https:\/\/infotorrent.es\/ca\/wp-json\/wp\/v2\/media\/1137"}],"wp:attachment":[{"href":"https:\/\/infotorrent.es\/ca\/wp-json\/wp\/v2\/media?parent=13023"}],"wp:term":[{"taxonomy":"category","embeddable":true,"href":"https:\/\/infotorrent.es\/ca\/wp-json\/wp\/v2\/categories?post=13023"},{"taxonomy":"post_tag","embeddable":true,"href":"https:\/\/infotorrent.es\/ca\/wp-json\/wp\/v2\/tags?post=13023"}],"curies":[{"name":"wp","href":"https:\/\/api.w.org\/{rel}","templated":true}]}}