{"id":13000,"date":"2020-04-09T14:03:37","date_gmt":"2020-04-09T14:03:37","guid":{"rendered":"https:\/\/infotorrent.es\/uncategorized\/lajuntament-de-torrent-repartira-dos-mascares-homologades-per-llar-per-a-protegir-se-del-covid-19\/"},"modified":"2020-04-09T14:00:54","modified_gmt":"2020-04-09T14:00:54","slug":"lajuntament-de-torrent-repartira-dos-mascares-homologades-per-llar-per-a-protegir-se-del-covid-19","status":"publish","type":"post","link":"https:\/\/infotorrent.es\/ca\/noticies\/lajuntament-de-torrent-repartira-dos-mascares-homologades-per-llar-per-a-protegir-se-del-covid-19\/","title":{"rendered":"L&#8217;Ajuntament de Torrent repartir\u00e0 dos m\u00e0scares homologades per llar per a protegir-se del COVID-19"},"content":{"rendered":"<p style=\"text-align: center;\"><strong>S&#8217;ha encarregat la fabricaci\u00f3 de 100.000 m\u00e0scares a una empresa torrentina, que seran repartides durant els \u00faltims deu dies del mes per les b\u00fasties de cada llar<\/strong><\/p>\n<p style=\"text-align: justify;\">Per a garantir la seguretat i protecci\u00f3 enfront del COVID- 19, l&#8217;Ajuntament de Torrent ha anunciat aquest mat\u00ed que repartir\u00e0 m\u00e0scares a la ciutadania. Aix\u00ed, ja s&#8217;ha encarregat la confecci\u00f3 de 100.000 m\u00e0scares higi\u00e8niques i homologades pel Ministeri d&#8217;Ind\u00fastria a una empresa torrentina que seran repartides i depositades en la b\u00fastia dels domicilis perqu\u00e8 ning\u00fa haja de despla\u00e7ar-se a recollir-les. D&#8217;aquesta forma, cada llar rebr\u00e0 en sobres dues unitats i el repartiment es produir\u00e0 durant els deu \u00faltims dies del mes.<\/p>\n<p style=\"text-align: justify;\">Amb aquesta m\u00e0scara es pret\u00e9n millorar la protecci\u00f3 de les persones majors, malalts o pacients amb s\u00edmptomes de COVID-19, aix\u00ed com les persones que els cuiden o estan en contacte amb ells i de tots els torrentins i torrentines en general.<\/p>\n<p style=\"text-align: justify;\"><img fetchpriority=\"high\" decoding=\"async\" class=\"alignnone size-full wp-image-38621\" src=\"https:\/\/www.infotorrent.es\/wp-content\/uploads\/2020\/04\/thumbnail_MASCARA03.jpg\" alt=\"\" width=\"1280\" height=\"605\" \/><\/p>\n<p style=\"text-align: justify;\">Aquesta iniciativa \u00e9s un pas m\u00e9s en les mesures que s&#8217;estan prenent des del consistori per a disminuir el risc de contagi del coronavirus, com les labors de neteja i desinfecci\u00f3 que es realitzen di\u00e0riament en tot el terme municipal, urbanitzacions i disseminats, aix\u00ed com els espais p\u00fablics a l&#8217;aire lliure com a zones de jocs infantils, \u00e0rees recreatives o instal\u00b7lacions esportives, a m\u00e9s d&#8217;entorns d&#8217;edificis on es concentra un major nombre de persones com a centres de salut o educatius, resid\u00e8ncies de majors, farm\u00e0cies i supermercats.<\/p>\n","protected":false},"excerpt":{"rendered":"<p>S&#8217;ha encarregat la fabricaci\u00f3 de 100.000 m\u00e0scares a una empresa torrentina, que seran repartides durant els \u00faltims deu dies del mes per les b\u00fasties de cada llar Per a garantir la seguretat i protecci\u00f3 enfront del COVID- 19, l&#8217;Ajuntament de Torrent ha anunciat aquest mat\u00ed que repartir\u00e0 m\u00e0scares a la ciutadania. Aix\u00ed, ja s&#8217;ha encarregat [&hellip;]<\/p>\n","protected":false},"author":3,"featured_media":13002,"comment_status":"closed","ping_status":"open","sticky":false,"template":"","format":"standard","meta":{"_acf_changed":false,"footnotes":""},"categories":[116,151],"tags":[1087],"class_list":["post-13000","post","type-post","status-publish","format-standard","has-post-thumbnail","hentry","category-noticies","category-sanitat","tag-covid-19-mascares"],"acf":[],"_links":{"self":[{"href":"https:\/\/infotorrent.es\/ca\/wp-json\/wp\/v2\/posts\/13000","targetHints":{"allow":["GET"]}}],"collection":[{"href":"https:\/\/infotorrent.es\/ca\/wp-json\/wp\/v2\/posts"}],"about":[{"href":"https:\/\/infotorrent.es\/ca\/wp-json\/wp\/v2\/types\/post"}],"author":[{"embeddable":true,"href":"https:\/\/infotorrent.es\/ca\/wp-json\/wp\/v2\/users\/3"}],"replies":[{"embeddable":true,"href":"https:\/\/infotorrent.es\/ca\/wp-json\/wp\/v2\/comments?post=13000"}],"version-history":[{"count":0,"href":"https:\/\/infotorrent.es\/ca\/wp-json\/wp\/v2\/posts\/13000\/revisions"}],"wp:featuredmedia":[{"embeddable":true,"href":"https:\/\/infotorrent.es\/ca\/wp-json\/wp\/v2\/media\/13002"}],"wp:attachment":[{"href":"https:\/\/infotorrent.es\/ca\/wp-json\/wp\/v2\/media?parent=13000"}],"wp:term":[{"taxonomy":"category","embeddable":true,"href":"https:\/\/infotorrent.es\/ca\/wp-json\/wp\/v2\/categories?post=13000"},{"taxonomy":"post_tag","embeddable":true,"href":"https:\/\/infotorrent.es\/ca\/wp-json\/wp\/v2\/tags?post=13000"}],"curies":[{"name":"wp","href":"https:\/\/api.w.org\/{rel}","templated":true}]}}