{"id":12777,"date":"2020-02-13T11:23:42","date_gmt":"2020-02-13T11:23:42","guid":{"rendered":"https:\/\/infotorrent.es\/uncategorized\/el-sant-sepulcre-celebra-el-90-aniversari-remodelant-i-restaurant-el-seu-pas-i-la-seua-capella\/"},"modified":"2020-02-13T11:17:00","modified_gmt":"2020-02-13T11:17:00","slug":"el-sant-sepulcre-celebra-el-90-aniversari-remodelant-i-restaurant-el-seu-pas-i-la-seua-capella","status":"publish","type":"post","link":"https:\/\/infotorrent.es\/ca\/noticies\/el-sant-sepulcre-celebra-el-90-aniversari-remodelant-i-restaurant-el-seu-pas-i-la-seua-capella\/","title":{"rendered":"El Sant Sepulcre celebra el 90 aniversari remodelant i restaurant el seu pas i la seua capella"},"content":{"rendered":"<p>La seu de la Germantat acull fins al divendres 14 una exposici\u00f3 fotogr\u00e0fica que recull la hist\u00f2ria del Sant Sepulcre a Torrent<br \/>\nAmb motiu del seu 90 aniversari, la Germantat del Sant Sepulcre de Torrent ha preparat una s\u00e8rie d&#8217;actes p\u00fablics que porten tamb\u00e9 aconseguisc canvis i aportacions al patrimoni art\u00edstic de la ciutat.<br \/>\nEntre les novetats s&#8217;ha procedit a realitzar una r\u00e8plica id\u00e8ntica a l&#8217;original de la figura del Crist, perqu\u00e8 puga ser utilitzada per la germanor quan aquesta participe en actes que tinguen lloc en altres ciutats. A m\u00e9s, s&#8217;ha remodelat el camina que, al costat de la citada figura, conforma el Pas del Sant Sepulcre. D&#8217;igual manera, tamb\u00e9 s&#8217;han policromat les imatges del Via crucis que adornen el pas. Tamb\u00e9 s&#8217;ha recuperat la Capella del Sant Sepulcre, que la germantat va tindre a l&#8217;esgl\u00e9sia del convent de MontSi\u00f3 des que va ser bene\u00efda a mitjan segle passat fins que va ser traslladat el Pas del Sant Sepulcre al Museu de la Setmana Santa.<br \/>\nPer tot aix\u00f2, la germantat ha organitzat una s\u00e8rie d&#8217;activitats que ja van comen\u00e7ar amb la inauguraci\u00f3 de l&#8217;exposici\u00f3 \u2018Sant Sepulcre, la hist\u00f2ria d&#8217;un pas en imatges\u2019 el passat 7 de febrer, i que es podr\u00e0 visitar fins a aquest divendres 14 en el local social de la germanor. El president de la germanor, Jos\u00e9 Enrique *Tronchoni, va fer lliurament de dues plaques en agra\u00efment per la col\u00b7laboraci\u00f3 del consistori a l&#8217;alcalde Jes\u00fas Ros, que va ser l&#8217;encarregat de tallar la cinta d&#8217;inauguraci\u00f3, i a Javier Ruiz, director de Caixa Rural Torrent, entitat que tamb\u00e9 ha fet costat a la confraria en aquest 90a aniversari.<\/p>\n<p>Diumenge que ve la germantat viur\u00e0 un acte emotiu i hist\u00f2ric amb la benedicci\u00f3 de la remodelaci\u00f3 i restauraci\u00f3 del pas del Sant Sepulcre, aix\u00ed com la capella on descansar\u00e0 la imatge en la Parr\u00f2quia Ntra. Sra. de MontSi\u00f3.<br \/>\nL&#8217;acte comen\u00e7ar\u00e0 a les 17.30 hores amb una process\u00f3 des de l&#8217;esgl\u00e9sia de l&#8217;Asunci\u00f3n fins a la parr\u00f2quia de Montsi\u00f3, on es beneir\u00e0 el pas. Despr\u00e9s, a les 19.30 hores tindr\u00e0 lloc l&#8217;eucaristia, al llarg de la qual es beneir\u00e0 la restauraci\u00f3 de la capella del Sant Sepulcre.<br \/>\nLa Germantat del Sant Sepulcre, fundada en 1930, \u00e9s la segona m\u00e9s antiga entre les quals integren el conglomerat de germantats que cada any fan possible la celebraci\u00f3 de la Setmana Santa a Torrent.<\/p>\n<p>&nbsp;<\/p>\n<p><img fetchpriority=\"high\" decoding=\"async\" class=\"size-medium wp-image-37158 aligncenter\" src=\"https:\/\/www.infotorrent.es\/wp-content\/uploads\/2020\/02\/Santo-Sepulcro-Copy-copia.jpg\" alt=\"\" width=\"800\" height=\"543\" \/><\/p>\n<p>&nbsp;<\/p>\n<p><img decoding=\"async\" class=\"size-medium wp-image-37160 aligncenter\" src=\"https:\/\/www.infotorrent.es\/wp-content\/uploads\/2020\/02\/Santo-Sepulcro-2-Copy-copia.jpg\" alt=\"\" width=\"800\" height=\"292\" \/><\/p>\n<p>&nbsp;<\/p>\n<p><img decoding=\"async\" class=\"aligncenter wp-image-37162 size-full\" src=\"https:\/\/www.infotorrent.es\/wp-content\/uploads\/2020\/02\/Santo-Sepulcro-3-Copy-copia-e1581593147525.jpg\" alt=\"\" width=\"600\" height=\"737\" \/><\/p>\n<p>&nbsp;<\/p>\n<p><img loading=\"lazy\" decoding=\"async\" class=\"size-medium wp-image-37164 aligncenter\" src=\"https:\/\/www.infotorrent.es\/wp-content\/uploads\/2020\/02\/Santo-Sepulcro-Expo-1-2-Copy.jpg\" alt=\"\" width=\"800\" height=\"533\" \/><\/p>\n<p>&nbsp;<\/p>\n<p><img loading=\"lazy\" decoding=\"async\" class=\"size-medium wp-image-37166 aligncenter\" src=\"https:\/\/www.infotorrent.es\/wp-content\/uploads\/2020\/02\/Santo-Sepulcro-Expo-7-2-Copy-copia.jpg\" alt=\"\" width=\"800\" height=\"533\" \/><\/p>\n","protected":false},"excerpt":{"rendered":"<p>La seu de la Germantat acull fins al divendres 14 una exposici\u00f3 fotogr\u00e0fica que recull la hist\u00f2ria del Sant Sepulcre a Torrent Amb motiu del seu 90 aniversari, la Germantat del Sant Sepulcre de Torrent ha preparat una s\u00e8rie d&#8217;actes p\u00fablics que porten tamb\u00e9 aconseguisc canvis i aportacions al patrimoni art\u00edstic de la ciutat. Entre [&hellip;]<\/p>\n","protected":false},"author":2,"featured_media":12779,"comment_status":"closed","ping_status":"open","sticky":false,"template":"","format":"standard","meta":{"_acf_changed":false,"footnotes":""},"categories":[126,116],"tags":[],"class_list":["post-12777","post","type-post","status-publish","format-standard","has-post-thumbnail","hentry","category-cultura-es-2","category-noticies"],"acf":[],"_links":{"self":[{"href":"https:\/\/infotorrent.es\/ca\/wp-json\/wp\/v2\/posts\/12777","targetHints":{"allow":["GET"]}}],"collection":[{"href":"https:\/\/infotorrent.es\/ca\/wp-json\/wp\/v2\/posts"}],"about":[{"href":"https:\/\/infotorrent.es\/ca\/wp-json\/wp\/v2\/types\/post"}],"author":[{"embeddable":true,"href":"https:\/\/infotorrent.es\/ca\/wp-json\/wp\/v2\/users\/2"}],"replies":[{"embeddable":true,"href":"https:\/\/infotorrent.es\/ca\/wp-json\/wp\/v2\/comments?post=12777"}],"version-history":[{"count":0,"href":"https:\/\/infotorrent.es\/ca\/wp-json\/wp\/v2\/posts\/12777\/revisions"}],"wp:featuredmedia":[{"embeddable":true,"href":"https:\/\/infotorrent.es\/ca\/wp-json\/wp\/v2\/media\/12779"}],"wp:attachment":[{"href":"https:\/\/infotorrent.es\/ca\/wp-json\/wp\/v2\/media?parent=12777"}],"wp:term":[{"taxonomy":"category","embeddable":true,"href":"https:\/\/infotorrent.es\/ca\/wp-json\/wp\/v2\/categories?post=12777"},{"taxonomy":"post_tag","embeddable":true,"href":"https:\/\/infotorrent.es\/ca\/wp-json\/wp\/v2\/tags?post=12777"}],"curies":[{"name":"wp","href":"https:\/\/api.w.org\/{rel}","templated":true}]}}