{"id":12747,"date":"2020-02-07T14:13:53","date_gmt":"2020-02-07T14:13:53","guid":{"rendered":"https:\/\/infotorrent.es\/uncategorized\/el-festival-arrels-aconsegueix-lequador-amb-exit-de-participacio\/"},"modified":"2020-02-07T14:17:28","modified_gmt":"2020-02-07T14:17:28","slug":"el-festival-arrels-aconsegueix-lequador-amb-exit-de-participacio","status":"publish","type":"post","link":"https:\/\/infotorrent.es\/ca\/noticies\/el-festival-arrels-aconsegueix-lequador-amb-exit-de-participacio\/","title":{"rendered":"El festival Arrels aconsegueix l&#8217;equador amb \u00e8xit de participaci\u00f3"},"content":{"rendered":"<p style=\"text-align: justify;\"><strong>La m\u00fasica iraniana de Kaveh Sarvarian i les danses folkl\u00f2riques de Patricia \u00c1lvarez protagonitzen la segona sessi\u00f3<\/strong><\/p>\n<p style=\"text-align: justify;\">El festival Arrels va arribar ahir al seu equador amb la Festa Persa \u2018*Kereshmeh\u2019, un projecte desenvolupat pel m\u00fasic irani\u00e0 Kaveh Sarvarian i la ballarina madrilenya Patricia \u00c1lvarez. Els espectadors que van assistir al concert en Antic Mercat van poder con\u00e9ixer una nova perspectiva de la m\u00fasica persa a trav\u00e9s d&#8217;aquest espectacle que descontextualiza els folklores portant-los a escena des d&#8217;una altra perspectiva m\u00e9s pr\u00f2xima a un concepte contemporani, en mesclar la m\u00fasica tradicional persa amb les danses folkl\u00f2riques de l&#8217;\u00e0rea mediterr\u00e0nia de Patricia.<\/p>\n<p style=\"text-align: justify;\">El viatge a trav\u00e9s de la \u2018Ruta de la Seda\u2019 continua hui, divendres, amb \u2018Una vetlada andalusina\u2019 que oferir\u00e0 un repertori amb alt significat tant en les seues lletres com en la seua m\u00fasica, buscant sempre elevar l&#8217;estat de qui canta i toca, i qui l&#8217;escolta. L&#8217;espectacle, que tindr\u00e0 lloc a les 20 h en l&#8217;Antic Mercat, ser\u00e0 a c\u00e0rrec de Yinnan Ensemble, conjunt de m\u00fasica andalusina basat en la ciutat de Granada i format per m\u00fasics professionals d&#8217;origen marroqu\u00ed i espanyol.<\/p>\n<p style=\"text-align: justify;\">El dissabte a les 20 h Orient i el Mediterrani es fusionaran amb el concert La Ruta de la Seda, per Capella de Ministrers i Carles Magraner en l&#8217;Auditori. Per a aquest espectacle, les entrades es poden adquirir a l&#8217;Auditori. Per a tancar aquesta III edici\u00f3 del festival el Grup de Ball de Torrent representar\u00e0, al costat de Josep Aparisi \u2018Apa\u2019 i Eduard Navarro, La deman\u00e0, una escenificaci\u00f3 d&#8217;una tradici\u00f3 en la qual la fam\u00edlia del nuvi l&#8217;acompanyava a casa de la fam\u00edlia de la n\u00favia per a formalitzar la demanada de m\u00e0. Aix\u00ed, la dansa, la hist\u00f2ria i la tradici\u00f3 faran gaudir a tots els assistents que es congregaran a les 12 h, el diumenge, en l&#8217;Auditori. Aquesta activitat \u00e9s gratu\u00efta fins a completar aforament.<\/p>\n<p><img fetchpriority=\"high\" decoding=\"async\" class=\"size-full wp-image-36919 aligncenter\" src=\"https:\/\/www.infotorrent.es\/wp-content\/uploads\/2020\/02\/Festival-Arrels-Festa-Persa-1-Copy.jpg\" alt=\"\" width=\"960\" height=\"640\" \/><\/p>\n<p><img decoding=\"async\" class=\"size-full wp-image-36925 aligncenter\" src=\"https:\/\/www.infotorrent.es\/wp-content\/uploads\/2020\/02\/Festival-Arrels-Festa-Persa-5-Copy.jpg\" alt=\"\" width=\"960\" height=\"640\" \/><\/p>\n<p><img decoding=\"async\" class=\"size-bdaiablock11 wp-image-36923 aligncenter\" src=\"https:\/\/www.infotorrent.es\/wp-content\/uploads\/2020\/02\/Festival-Arrels-Festa-Persa-4-Copy.jpg\" alt=\"\" width=\"960\" height=\"640\" \/><\/p>\n<p><img loading=\"lazy\" decoding=\"async\" class=\"size-bdaiablock11 wp-image-36921 aligncenter\" src=\"https:\/\/www.infotorrent.es\/wp-content\/uploads\/2020\/02\/Festival-Arrels-Festa-Persa-3-Copy.jpg\" alt=\"\" width=\"960\" height=\"640\" \/><\/p>\n","protected":false},"excerpt":{"rendered":"<p>La m\u00fasica iraniana de Kaveh Sarvarian i les danses folkl\u00f2riques de Patricia \u00c1lvarez protagonitzen la segona sessi\u00f3 El festival Arrels va arribar ahir al seu equador amb la Festa Persa \u2018*Kereshmeh\u2019, un projecte desenvolupat pel m\u00fasic irani\u00e0 Kaveh Sarvarian i la ballarina madrilenya Patricia \u00c1lvarez. Els espectadors que van assistir al concert en Antic Mercat [&hellip;]<\/p>\n","protected":false},"author":13,"featured_media":12749,"comment_status":"closed","ping_status":"open","sticky":false,"template":"","format":"standard","meta":{"_acf_changed":false,"footnotes":""},"categories":[126,116],"tags":[],"class_list":["post-12747","post","type-post","status-publish","format-standard","has-post-thumbnail","hentry","category-cultura-es-2","category-noticies"],"acf":[],"_links":{"self":[{"href":"https:\/\/infotorrent.es\/ca\/wp-json\/wp\/v2\/posts\/12747","targetHints":{"allow":["GET"]}}],"collection":[{"href":"https:\/\/infotorrent.es\/ca\/wp-json\/wp\/v2\/posts"}],"about":[{"href":"https:\/\/infotorrent.es\/ca\/wp-json\/wp\/v2\/types\/post"}],"author":[{"embeddable":true,"href":"https:\/\/infotorrent.es\/ca\/wp-json\/wp\/v2\/users\/13"}],"replies":[{"embeddable":true,"href":"https:\/\/infotorrent.es\/ca\/wp-json\/wp\/v2\/comments?post=12747"}],"version-history":[{"count":0,"href":"https:\/\/infotorrent.es\/ca\/wp-json\/wp\/v2\/posts\/12747\/revisions"}],"wp:featuredmedia":[{"embeddable":true,"href":"https:\/\/infotorrent.es\/ca\/wp-json\/wp\/v2\/media\/12749"}],"wp:attachment":[{"href":"https:\/\/infotorrent.es\/ca\/wp-json\/wp\/v2\/media?parent=12747"}],"wp:term":[{"taxonomy":"category","embeddable":true,"href":"https:\/\/infotorrent.es\/ca\/wp-json\/wp\/v2\/categories?post=12747"},{"taxonomy":"post_tag","embeddable":true,"href":"https:\/\/infotorrent.es\/ca\/wp-json\/wp\/v2\/tags?post=12747"}],"curies":[{"name":"wp","href":"https:\/\/api.w.org\/{rel}","templated":true}]}}