{"id":12718,"date":"2020-02-03T17:41:41","date_gmt":"2020-02-03T17:41:41","guid":{"rendered":"https:\/\/infotorrent.es\/uncategorized\/colofo-a-tota-una-setmana-dactivitats-amb-motiu-del-75-aniversari-del-collegi-sant-tomas-daquino\/"},"modified":"2020-02-03T17:39:29","modified_gmt":"2020-02-03T17:39:29","slug":"colofo-a-tota-una-setmana-dactivitats-amb-motiu-del-75-aniversari-del-collegi-sant-tomas-daquino","status":"publish","type":"post","link":"https:\/\/infotorrent.es\/ca\/noticies\/colofo-a-tota-una-setmana-dactivitats-amb-motiu-del-75-aniversari-del-collegi-sant-tomas-daquino\/","title":{"rendered":"Colof\u00f3 a tota una setmana d&#8217;activitats amb motiu del 75 aniversari del Col\u00b7legi Sant Tom\u00e0s d&#8217;Aquino"},"content":{"rendered":"<p>Divendres passat 31 de gener es va posar el colof\u00f3l a tota una setmana d&#8217;actes amb motiu del 75 aniversari del Col\u00b7legi Sant Tom\u00e0s d&#8217;Aquino de Torrent. Comen\u00e7ant amb la celebraci\u00f3 del \u201cDia de la Pau\u201d des de primera hora del dia, seguint amb la festa de l&#8217;AMPA i una missa d&#8217;Acci\u00f3 de Gr\u00e0cies en la Parr\u00f2quia Sagrada Fam\u00edlia els alumnes i professors van poder gaudir d&#8217;una jornada plena d&#8217;activitats. Per a finalitzar i a manera de clausura del \u201c75 aniversari\u201d es va celebrar un sopar d&#8217;en el restaurant \u201cEl Romeral\u201d de Torrent.<\/p>\n<p>&nbsp;<\/p>\n","protected":false},"excerpt":{"rendered":"<p>Divendres passat 31 de gener es va posar el colof\u00f3l a tota una setmana d&#8217;actes amb motiu del 75 aniversari del Col\u00b7legi Sant Tom\u00e0s d&#8217;Aquino de Torrent. Comen\u00e7ant amb la celebraci\u00f3 del \u201cDia de la Pau\u201d des de primera hora del dia, seguint amb la festa de l&#8217;AMPA i una missa d&#8217;Acci\u00f3 de Gr\u00e0cies en [&hellip;]<\/p>\n","protected":false},"author":2,"featured_media":1137,"comment_status":"closed","ping_status":"open","sticky":false,"template":"","format":"standard","meta":{"_acf_changed":false,"footnotes":""},"categories":[126,116],"tags":[236],"class_list":["post-12718","post","type-post","status-publish","format-standard","has-post-thumbnail","hentry","category-cultura-es-2","category-noticies","tag-ajuntament-de-torrent"],"acf":[],"_links":{"self":[{"href":"https:\/\/infotorrent.es\/ca\/wp-json\/wp\/v2\/posts\/12718","targetHints":{"allow":["GET"]}}],"collection":[{"href":"https:\/\/infotorrent.es\/ca\/wp-json\/wp\/v2\/posts"}],"about":[{"href":"https:\/\/infotorrent.es\/ca\/wp-json\/wp\/v2\/types\/post"}],"author":[{"embeddable":true,"href":"https:\/\/infotorrent.es\/ca\/wp-json\/wp\/v2\/users\/2"}],"replies":[{"embeddable":true,"href":"https:\/\/infotorrent.es\/ca\/wp-json\/wp\/v2\/comments?post=12718"}],"version-history":[{"count":0,"href":"https:\/\/infotorrent.es\/ca\/wp-json\/wp\/v2\/posts\/12718\/revisions"}],"wp:featuredmedia":[{"embeddable":true,"href":"https:\/\/infotorrent.es\/ca\/wp-json\/wp\/v2\/media\/1137"}],"wp:attachment":[{"href":"https:\/\/infotorrent.es\/ca\/wp-json\/wp\/v2\/media?parent=12718"}],"wp:term":[{"taxonomy":"category","embeddable":true,"href":"https:\/\/infotorrent.es\/ca\/wp-json\/wp\/v2\/categories?post=12718"},{"taxonomy":"post_tag","embeddable":true,"href":"https:\/\/infotorrent.es\/ca\/wp-json\/wp\/v2\/tags?post=12718"}],"curies":[{"name":"wp","href":"https:\/\/api.w.org\/{rel}","templated":true}]}}