{"id":12706,"date":"2020-01-31T18:05:43","date_gmt":"2020-01-31T18:05:43","guid":{"rendered":"https:\/\/infotorrent.es\/uncategorized\/tot-enllestit-per-a-comencar-cinema-en-valencia-a-lescola\/"},"modified":"2020-01-31T18:02:26","modified_gmt":"2020-01-31T18:02:26","slug":"tot-enllestit-per-a-comencar-cinema-en-valencia-a-lescola","status":"publish","type":"post","link":"https:\/\/infotorrent.es\/ca\/noticies\/tot-enllestit-per-a-comencar-cinema-en-valencia-a-lescola\/","title":{"rendered":"Tot enllestit per a comen\u00e7ar \u201cCinema en valenci\u00e0 a l\u2019escola\u201d"},"content":{"rendered":"<p><strong>Del 4 a l\u201911 de febrer, l\u2019alumnat dels col\u00b7legis de Torrent gaudiran debades de pel\u00b7l\u00edcules en valenci\u00e0 <\/strong><\/p>\n<p>L\u2019Ajuntament de Torrent, mitjan\u00e7ant l\u2019Oficina de Promoci\u00f3 i \u00das del Valenci\u00e0, ha posat en marxa una nova edici\u00f3 de la campanya \u201cCinema en valenci\u00e0 a l\u2019escola\u201d en col\u00b7laboraci\u00f3 amb Escola Valenciana; una iniciativa que, any rere any, es tot un \u00e8xit entre els col\u00b7legis i instituts de la ciutat, que no volen perdre l\u2019oportunitat de guadir d\u2019una entretinguda sessi\u00f3 cin\u00e8fila en valenci\u00e0. Aix\u00ed s\u2019han programat diferent pel\u00b7l\u00edcules destinades als nivells d\u2019infantil i als diversos cicles de prim\u00e0ria i tamb\u00e9 pel\u00b7l\u00edcules adre\u00e7ades a alumnes dels cursos d\u2019ESO i de batxillerat.<\/p>\n<p>&nbsp;<\/p>\n<p>Des del 4 fins a l\u201911 de febrer, la sala d\u2019actes de l\u2019Ajuntament es convertir\u00e0 en una sala de cine i emetr\u00e0, totalment debades, les seg\u00fcents pel\u00b7l\u00edcules<em>: Els Incre\u00efbles<\/em> <em>2<\/em> (4 i 11 de febrer), <em>Ocells de pas<\/em> (5 de febrer), <em>La incre\u00efble hist\u00f2ria de la pera gegant<\/em> (10 de febrer),\u00a0 Dem\u00e0 comen\u00e7a tot ( 6 de febrer) i <em>Ments brillants<\/em> (7 de febrer).<\/p>\n<p>&nbsp;<\/p>\n<p>La regidora d\u2019Educaci\u00f3 i Dinamitzaci\u00f3 Ling\u00fc\u00edstica, Patricia S\u00e1ez, ha manifestat la import\u00e0ncia d\u2019iniciatives com estes <strong>\u201cque fomenten la nostra llengua pr\u00f2pia entre el p\u00fablic m\u00e9s jove, alhora que comuniquen que el valenci\u00e0 est\u00e0 present en tots el \u00e0mbits, tamb\u00e9 al cinema\u201d.<\/strong><\/p>\n<p>&nbsp;<\/p>\n<p>La campanya es completa amb guies did\u00e0ctiques de cada pel\u00b7l\u00edcula, proporcionades per Escola Valenciana, que l\u2019Oficina de Promoci\u00f3 i \u00das del Valenci\u00e0 ha enviat als centres educatius perqu\u00e8 l\u2019alumnat les treballe a classe abans o despr\u00e9s d\u2019assistir a la projecci\u00f3.<\/p>\n<p><strong><img fetchpriority=\"high\" decoding=\"async\" class=\"alignnone size-full wp-image-36704\" src=\"https:\/\/www.infotorrent.es\/wp-content\/uploads\/2020\/01\/Cinema_valencia2020_mupi.jpg\" alt=\"\" width=\"4724\" height=\"6889\" \/><\/strong><\/p>\n","protected":false},"excerpt":{"rendered":"<p>Del 4 a l\u201911 de febrer, l\u2019alumnat dels col\u00b7legis de Torrent gaudiran debades de pel\u00b7l\u00edcules en valenci\u00e0 L\u2019Ajuntament de Torrent, mitjan\u00e7ant l\u2019Oficina de Promoci\u00f3 i \u00das del Valenci\u00e0, ha posat en marxa una nova edici\u00f3 de la campanya \u201cCinema en valenci\u00e0 a l\u2019escola\u201d en col\u00b7laboraci\u00f3 amb Escola Valenciana; una iniciativa que, any rere any, es [&hellip;]<\/p>\n","protected":false},"author":13,"featured_media":12708,"comment_status":"closed","ping_status":"open","sticky":false,"template":"","format":"standard","meta":{"_acf_changed":false,"footnotes":""},"categories":[121,116],"tags":[],"class_list":["post-12706","post","type-post","status-publish","format-standard","has-post-thumbnail","hentry","category-educacio","category-noticies"],"acf":[],"_links":{"self":[{"href":"https:\/\/infotorrent.es\/ca\/wp-json\/wp\/v2\/posts\/12706","targetHints":{"allow":["GET"]}}],"collection":[{"href":"https:\/\/infotorrent.es\/ca\/wp-json\/wp\/v2\/posts"}],"about":[{"href":"https:\/\/infotorrent.es\/ca\/wp-json\/wp\/v2\/types\/post"}],"author":[{"embeddable":true,"href":"https:\/\/infotorrent.es\/ca\/wp-json\/wp\/v2\/users\/13"}],"replies":[{"embeddable":true,"href":"https:\/\/infotorrent.es\/ca\/wp-json\/wp\/v2\/comments?post=12706"}],"version-history":[{"count":0,"href":"https:\/\/infotorrent.es\/ca\/wp-json\/wp\/v2\/posts\/12706\/revisions"}],"wp:featuredmedia":[{"embeddable":true,"href":"https:\/\/infotorrent.es\/ca\/wp-json\/wp\/v2\/media\/12708"}],"wp:attachment":[{"href":"https:\/\/infotorrent.es\/ca\/wp-json\/wp\/v2\/media?parent=12706"}],"wp:term":[{"taxonomy":"category","embeddable":true,"href":"https:\/\/infotorrent.es\/ca\/wp-json\/wp\/v2\/categories?post=12706"},{"taxonomy":"post_tag","embeddable":true,"href":"https:\/\/infotorrent.es\/ca\/wp-json\/wp\/v2\/tags?post=12706"}],"curies":[{"name":"wp","href":"https:\/\/api.w.org\/{rel}","templated":true}]}}