{"id":12683,"date":"2020-01-28T14:49:00","date_gmt":"2020-01-28T14:49:00","guid":{"rendered":"https:\/\/infotorrent.es\/uncategorized\/sant-tomas-daquino-inaugura-una-exposicio-que-repassa-les-seues-75-anys-dhistoria\/"},"modified":"2020-01-28T14:46:33","modified_gmt":"2020-01-28T14:46:33","slug":"sant-tomas-daquino-inaugura-una-exposicio-que-repassa-les-seues-75-anys-dhistoria","status":"publish","type":"post","link":"https:\/\/infotorrent.es\/ca\/noticies\/sant-tomas-daquino-inaugura-una-exposicio-que-repassa-les-seues-75-anys-dhistoria\/","title":{"rendered":"Sant Tom\u00e0s d&#8217;Aquino inaugura una exposici\u00f3 que repassa les seues 75 anys d&#8217;hist\u00f2ria"},"content":{"rendered":"<p>Del 24 al 31 de gener, el col\u00b7legi est\u00e0 immers en una programaci\u00f3 carregada d&#8217;activitats per a commemorar el seu aniversari<\/p>\n<p>Emmarcada en les activitats que el col\u00b7legi Sant Tom\u00e0s d&#8217;Aquino ha preparat per a celebrar el seu 75 aniversari, el divendres a la vesprada es va inaugurar una exposici\u00f3 fotogr\u00e0fica que recorda i fa un rep\u00e0s de la hist\u00f2ria del centre. Del 24 al 31 de gener, el professorat i l&#8217;alumnat, tant l&#8217;actual com l&#8217;antic, est\u00e0 gaudint d&#8217;una agenda repleta d&#8217;activitats, que va donar l&#8217;inici amb la mostra fotogr\u00e0fica, empla\u00e7ada a la sala d&#8217;exposicions de l\u2019Espai.<\/p>\n<p>A trav\u00e9s de fotografies es pot observar la fundaci\u00f3 del col\u00b7legi, el dia 8 de gener de 1945 per Sr. Enrique Miquel Mossi i Sr. Fernando Furi\u00f3 Roca, aix\u00ed com antigues orles, fotografies de competicions esportives, excursions i eixides culturals, en definitiva, un rep\u00e0s als 75 anys des del seu naixement. En la cita va estar present l&#8217;alcalde Jes\u00fas Ros, la regidora d&#8217;Educaci\u00f3, Patricia S\u00e1ez, i els representants de la corporaci\u00f3 municipal, que van acompanyar a tot el professorat en aquesta trobada tan emotiva, \u201cque posa en valor un col\u00b7legi que va ser tot un referent educacional a Torrent i que, hui dia, continua formant a centenars de xiquets i xiquetes\u201d, va assenyalar l&#8217;alcalde. L&#8217;exposici\u00f3 romandr\u00e0 oberta al p\u00fablic fins al dijous 30 de gener.<\/p>\n<p>D&#8217;altra banda, el dissabte al mat\u00ed, l&#8217;alumnat i les seues fam\u00edlies es van cal\u00e7ar les esportives per a eixir a c\u00f3rrer, participant en una carrera solid\u00e0ria, en la qual es van recollir 200 quilos d&#8217;aliments no peribles. La prova esportiva es va iniciar en l&#8217;avinguda al Vedat, n\u00fam. 16, lloc on es trobava el col\u00b7legi en la seua fundaci\u00f3, fins a arribar a l&#8217;actual centre, situat en Cam\u00ed Reial 120. Despr\u00e9s de la carrera i per a recarregar les piles, els participants es van reunir al pati del col\u00b7legi Sant Tom\u00e0s d&#8217;Aquino per a fer unes paelles i, a m\u00e9s, presentar les seues millors postres en un concurs de rebosteria.<\/p>\n<p>Les activitats culturals van continuar en el propi col\u00b7legi el dilluns al mat\u00ed, dirigides a l&#8217;actual alumnat. D&#8217;altra banda, hui, dimarts 28, s&#8217;ha celebrat una eucaristia en la Sagrada Fam\u00edlia. A m\u00e9s, al llarg de tot el mat\u00ed s&#8217;ha viscut una intensa jornada esportiva en el camp Sant Gregorio. El programa continua aquesta vesprada amb una trobada de jocs de taula com els escacs, les dames, el domin\u00f3 o el parch\u00eds. I m\u00e9s tard, a les 19 h a la Casa de la Cultura, les emocions estaran a flor de pell amb \u201cRecords del passat\u201d; un moment molt commovedor on es donar\u00e0 cita l&#8217;antic alumnat i professorat per a recordar an\u00e8cdotes i moments viscuts entre les aules i el pati del col\u00b7legi.<\/p>\n<p>&nbsp;<\/p>\n<p><img fetchpriority=\"high\" decoding=\"async\" class=\"size-full wp-image-36564 aligncenter\" src=\"https:\/\/www.infotorrent.es\/wp-content\/uploads\/2020\/01\/Exposicion-Santo-Tomas-de-Aquino-8-Copy.jpg\" alt=\"\" width=\"800\" height=\"521\" \/><\/p>\n<p>&nbsp;<\/p>\n<p><img decoding=\"async\" class=\"size-medium wp-image-36562 aligncenter\" src=\"https:\/\/www.infotorrent.es\/wp-content\/uploads\/2020\/01\/Exposicion-Santo-Tomas-de-Aquino-7-Copy.jpg\" alt=\"\" width=\"800\" height=\"534\" \/><\/p>\n<p>&nbsp;<\/p>\n<p><img decoding=\"async\" class=\"size-medium wp-image-36560 aligncenter\" src=\"https:\/\/www.infotorrent.es\/wp-content\/uploads\/2020\/01\/Exposicion-Santo-Tomas-de-Aquino-6-Copy.jpg\" alt=\"\" width=\"800\" height=\"533\" \/><\/p>\n<p>&nbsp;<\/p>\n<p><img loading=\"lazy\" decoding=\"async\" class=\"size-medium wp-image-36558 aligncenter\" src=\"https:\/\/www.infotorrent.es\/wp-content\/uploads\/2020\/01\/Exposicion-Santo-Tomas-de-Aquino-5-Copy.jpg\" alt=\"\" width=\"800\" height=\"533\" \/><\/p>\n<p>&nbsp;<\/p>\n<p><img loading=\"lazy\" decoding=\"async\" class=\"size-medium wp-image-36556 aligncenter\" src=\"https:\/\/www.infotorrent.es\/wp-content\/uploads\/2020\/01\/Exposicion-Santo-Tomas-de-Aquino-4-Copy.jpg\" alt=\"\" width=\"800\" height=\"533\" \/><\/p>\n<p>&nbsp;<\/p>\n<p><img loading=\"lazy\" decoding=\"async\" class=\"size-medium wp-image-36554 aligncenter\" src=\"https:\/\/www.infotorrent.es\/wp-content\/uploads\/2020\/01\/Exposicion-Santo-Tomas-de-Aquino-2-2-Copy.jpg\" alt=\"\" width=\"800\" height=\"533\" \/><\/p>\n<p>&nbsp;<\/p>\n<p><img loading=\"lazy\" decoding=\"async\" class=\"size-full wp-image-36552 aligncenter\" src=\"https:\/\/www.infotorrent.es\/wp-content\/uploads\/2020\/01\/Exposicion-Santo-Tomas-de-Aquino-1-Copy.jpg\" alt=\"\" width=\"800\" height=\"533\" \/><\/p>\n","protected":false},"excerpt":{"rendered":"<p>Del 24 al 31 de gener, el col\u00b7legi est\u00e0 immers en una programaci\u00f3 carregada d&#8217;activitats per a commemorar el seu aniversari Emmarcada en les activitats que el col\u00b7legi Sant Tom\u00e0s d&#8217;Aquino ha preparat per a celebrar el seu 75 aniversari, el divendres a la vesprada es va inaugurar una exposici\u00f3 fotogr\u00e0fica que recorda i fa [&hellip;]<\/p>\n","protected":false},"author":2,"featured_media":12685,"comment_status":"closed","ping_status":"open","sticky":false,"template":"","format":"standard","meta":{"_acf_changed":false,"footnotes":""},"categories":[126,116],"tags":[236],"class_list":["post-12683","post","type-post","status-publish","format-standard","has-post-thumbnail","hentry","category-cultura-es-2","category-noticies","tag-ajuntament-de-torrent"],"acf":[],"_links":{"self":[{"href":"https:\/\/infotorrent.es\/ca\/wp-json\/wp\/v2\/posts\/12683","targetHints":{"allow":["GET"]}}],"collection":[{"href":"https:\/\/infotorrent.es\/ca\/wp-json\/wp\/v2\/posts"}],"about":[{"href":"https:\/\/infotorrent.es\/ca\/wp-json\/wp\/v2\/types\/post"}],"author":[{"embeddable":true,"href":"https:\/\/infotorrent.es\/ca\/wp-json\/wp\/v2\/users\/2"}],"replies":[{"embeddable":true,"href":"https:\/\/infotorrent.es\/ca\/wp-json\/wp\/v2\/comments?post=12683"}],"version-history":[{"count":0,"href":"https:\/\/infotorrent.es\/ca\/wp-json\/wp\/v2\/posts\/12683\/revisions"}],"wp:featuredmedia":[{"embeddable":true,"href":"https:\/\/infotorrent.es\/ca\/wp-json\/wp\/v2\/media\/12685"}],"wp:attachment":[{"href":"https:\/\/infotorrent.es\/ca\/wp-json\/wp\/v2\/media?parent=12683"}],"wp:term":[{"taxonomy":"category","embeddable":true,"href":"https:\/\/infotorrent.es\/ca\/wp-json\/wp\/v2\/categories?post=12683"},{"taxonomy":"post_tag","embeddable":true,"href":"https:\/\/infotorrent.es\/ca\/wp-json\/wp\/v2\/tags?post=12683"}],"curies":[{"name":"wp","href":"https:\/\/api.w.org\/{rel}","templated":true}]}}