{"id":12680,"date":"2020-01-28T09:24:19","date_gmt":"2020-01-28T09:24:19","guid":{"rendered":"https:\/\/infotorrent.es\/uncategorized\/els-moros-i-cristians-de-torrent-celebren-el-mig-any-estrenant-el-nou-espai-multiusos-de-parc-central\/"},"modified":"2020-01-28T09:28:38","modified_gmt":"2020-01-28T09:28:38","slug":"els-moros-i-cristians-de-torrent-celebren-el-mig-any-estrenant-el-nou-espai-multiusos-de-parc-central","status":"publish","type":"post","link":"https:\/\/infotorrent.es\/ca\/noticies\/els-moros-i-cristians-de-torrent-celebren-el-mig-any-estrenant-el-nou-espai-multiusos-de-parc-central\/","title":{"rendered":"Els Moros i Cristians de Torrent celebren el Mig Any estrenant el nou espai multiusos de Parc Central"},"content":{"rendered":"<p style=\"text-align: justify;\"><strong>Nicko Mag\u00e1n Oliva i Vicent Soler Quilis, nomenats capit\u00e0 cristi\u00e0 i capit\u00e0 moro, respectivament<\/strong><\/p>\n<p style=\"text-align: justify;\">La m\u00fasica de moros i cristians va inundar els carrers de Torrent en la festa que marca l&#8217;equador dels moros i cristians: el Mig Any. Dissabte, els festers van iniciar la jornada amb una desfilada pel carrer del \u201cconvent\u201d, des de la parr\u00f2quia de Montsi\u00f3 \u00a0fins a arribar a la pla\u00e7a Major. Amb els seus millors gal\u00b7les, les comparses cristianes van ser els encarregats d&#8217;obrir el recorregut, seguint-los les filaes mores.<\/p>\n<p style=\"text-align: justify;\"><img fetchpriority=\"high\" decoding=\"async\" class=\"size-full wp-image-36535 aligncenter\" src=\"https:\/\/www.infotorrent.es\/wp-content\/uploads\/2020\/01\/Mig-Any-5.jpg\" alt=\"\" width=\"695\" height=\"463\" \/><\/p>\n<p style=\"text-align: justify;\">Als peus de la Torre, centenars de festers es van congregar per a nomenar als representants de les festes per a l&#8217;any vinent. Per tant, Nicko Mag\u00e1n Oliva, va ser nomenat capit\u00e0 cristi\u00e0; Vicent Soler Quilis, capit\u00e0 moro; Ram\u00f3n Almerich Gonz\u00e1lez, alferes cristi\u00e0; i Eduardo Garc\u00eda Moro, alferes moro. L&#8217;alcalde Jes\u00fas Ros, el regidor de Festes, Pascual Mart\u00ednez, i els representants de la corporaci\u00f3 municipal es van reunir per a acompanyar a tots els festers i festeres en aquesta festa tan important, ja que marca l&#8217;espera de sis mesos fins a les festes patronals.<\/p>\n<p style=\"text-align: justify;\"><img decoding=\"async\" class=\"size-full wp-image-36537 aligncenter\" src=\"https:\/\/www.infotorrent.es\/wp-content\/uploads\/2020\/01\/Mig-Any-4.jpg\" alt=\"\" width=\"695\" height=\"463\" \/><\/p>\n<p style=\"text-align: justify;\">Despr\u00e9s de l&#8217;acte, va arribar el torn de carregar piles i els moros i cristians van realitzar un menjar de \u201c*germanor\u201d en l&#8217;\u00e0gora de Parc Central, estrenant el nou espai multifuncional. Igualment, es va aprofitar la cita per a fer lliurament dels premis del concurs d&#8217;Instagram de #*mictorrent 2019, que han sigut per a:<\/p>\n<p style=\"text-align: justify;\">1r Premi: @*claudio.*chust<br \/>\n2do Premi: @*raulpuiges<br \/>\n3*er Premi: @*juanmiesteve1<\/p>\n<p style=\"text-align: justify;\">En finalitzar el menjar, s&#8217;inicie una festa amb una disc \u2013m\u00f2bil, que es va allargar durant tota la vesprada, i que va acabar amb un sopar amb m\u00fasica i orquestra.<\/p>\n<p><img decoding=\"async\" class=\"size-full wp-image-36539 aligncenter\" src=\"https:\/\/www.infotorrent.es\/wp-content\/uploads\/2020\/01\/Mig-Any-1.jpg\" alt=\"\" width=\"667\" height=\"500\" \/><\/p>\n","protected":false},"excerpt":{"rendered":"<p>Nicko Mag\u00e1n Oliva i Vicent Soler Quilis, nomenats capit\u00e0 cristi\u00e0 i capit\u00e0 moro, respectivament La m\u00fasica de moros i cristians va inundar els carrers de Torrent en la festa que marca l&#8217;equador dels moros i cristians: el Mig Any. Dissabte, els festers van iniciar la jornada amb una desfilada pel carrer del \u201cconvent\u201d, des de [&hellip;]<\/p>\n","protected":false},"author":3,"featured_media":12682,"comment_status":"closed","ping_status":"open","sticky":false,"template":"","format":"standard","meta":{"_acf_changed":false,"footnotes":""},"categories":[156,116],"tags":[644],"class_list":["post-12680","post","type-post","status-publish","format-standard","has-post-thumbnail","hentry","category-festes-i-tradicions-2","category-noticies","tag-mig-any"],"acf":[],"_links":{"self":[{"href":"https:\/\/infotorrent.es\/ca\/wp-json\/wp\/v2\/posts\/12680","targetHints":{"allow":["GET"]}}],"collection":[{"href":"https:\/\/infotorrent.es\/ca\/wp-json\/wp\/v2\/posts"}],"about":[{"href":"https:\/\/infotorrent.es\/ca\/wp-json\/wp\/v2\/types\/post"}],"author":[{"embeddable":true,"href":"https:\/\/infotorrent.es\/ca\/wp-json\/wp\/v2\/users\/3"}],"replies":[{"embeddable":true,"href":"https:\/\/infotorrent.es\/ca\/wp-json\/wp\/v2\/comments?post=12680"}],"version-history":[{"count":0,"href":"https:\/\/infotorrent.es\/ca\/wp-json\/wp\/v2\/posts\/12680\/revisions"}],"wp:featuredmedia":[{"embeddable":true,"href":"https:\/\/infotorrent.es\/ca\/wp-json\/wp\/v2\/media\/12682"}],"wp:attachment":[{"href":"https:\/\/infotorrent.es\/ca\/wp-json\/wp\/v2\/media?parent=12680"}],"wp:term":[{"taxonomy":"category","embeddable":true,"href":"https:\/\/infotorrent.es\/ca\/wp-json\/wp\/v2\/categories?post=12680"},{"taxonomy":"post_tag","embeddable":true,"href":"https:\/\/infotorrent.es\/ca\/wp-json\/wp\/v2\/tags?post=12680"}],"curies":[{"name":"wp","href":"https:\/\/api.w.org\/{rel}","templated":true}]}}