{"id":12672,"date":"2020-01-28T08:57:19","date_gmt":"2020-01-28T08:57:19","guid":{"rendered":"https:\/\/infotorrent.es\/uncategorized\/389-corredors-participen-en-la-ix-carrera-x-muntanya-serra-perenxisa\/"},"modified":"2020-01-28T08:37:14","modified_gmt":"2020-01-28T08:37:14","slug":"389-corredors-participen-en-la-ix-carrera-x-muntanya-serra-perenxisa","status":"publish","type":"post","link":"https:\/\/infotorrent.es\/ca\/noticies\/389-corredors-participen-en-la-ix-carrera-x-muntanya-serra-perenxisa\/","title":{"rendered":"389 corredors participen en la IX Carrera X Muntanya Serra Perenxisa"},"content":{"rendered":"<p style=\"text-align: justify;\"><strong>La modalitat Reina va comptar amb 134 inscrits, superada per la modalitat SpeedTrail en la qual van participar 255 persones<\/strong><\/p>\n<p style=\"text-align: justify;\">La IX Carrera x Muntanya Serra Perenxisa va ser la protagonista de l&#8217;agenda d&#8217;activitats del passat diumenge. La prova esportiva, una de les m\u00e9s esperades de l&#8217;any, va transc\u00f3rrer en un escenari inigualable, ja que el p\u00fablic participant va rec\u00f3rrer les senderes i vessants de la serra. En total es van citar 389 corredors que van passar un mat\u00ed divertit, compartint valors tan importants com esportivitat, companyonia i medi ambient.<\/p>\n<p style=\"text-align: justify;\">La cursa, amb eixida i meta en el c\u00e0mping de la Pir\u00e0mide, va comptar amb dues modalitats. La primera, amb el nom Reina, va ser una carrera per muntanya de 21 km i 1000 metres de Desnivell Positiu acumulat que transcorre majorit\u00e0riament per sengles (77%) i camins forestals. A aquesta modalitat es van inscriure 134 persones, podent consultar-se la classificaci\u00f3 final en el seg\u00fcent enlla\u00e7: http:\/\/bit.ly\/2vqmSCi<\/p>\n<p style=\"text-align: justify;\">La segona, en la qual es van inscriure 255 corredors, \u00e9s la modalitat SpeedTrail; una carrera per muntanya de 12 km i 350 metres de Desnivell Positiu acumulat que va transc\u00f3rrer majorit\u00e0riament per sengles (73%) i camins forestals. Els resultats d&#8217;aquesta prova poden consultar-se ac\u00ed: http:\/\/bit.ly\/38mkfq1<\/p>\n<p style=\"text-align: justify;\">La regidora d&#8217;Esports, Susi Ferrer, que va marcar el compte arrere per a iniciar les proves, va manifestar la seua satisfacci\u00f3 per comprovar \u201c<strong>la bona salut de l&#8217;esport a la nostra ciutat i l&#8217;inter\u00e9s dels torrentins i torrentines per participar en les propostes esportives que des de l&#8217;Ajuntament de Torrent, a trav\u00e9s de la Fundaci\u00f3 Esportiva Municipal, els plantegem i que sempre aconsegueixen ser un \u00e8xit en participaci\u00f3\u201d<\/strong>.<\/p>\n<p>&nbsp;<\/p>\n<p><img fetchpriority=\"high\" decoding=\"async\" class=\"wp-image-36490 aligncenter\" src=\"https:\/\/www.infotorrent.es\/wp-content\/uploads\/2020\/01\/Carrera-Serra-1.jpg\" alt=\"\" width=\"714\" height=\"476\" \/><\/p>\n<p><img decoding=\"async\" class=\"alignnone  wp-image-36494 aligncenter\" src=\"https:\/\/www.infotorrent.es\/wp-content\/uploads\/2020\/01\/Carrera-Serra-3.jpg\" alt=\"\" width=\"716\" height=\"477\" \/><img decoding=\"async\" class=\"alignnone  wp-image-36492 aligncenter\" src=\"https:\/\/www.infotorrent.es\/wp-content\/uploads\/2020\/01\/Carrera-Serra-2.jpg\" alt=\"\" width=\"716\" height=\"477\" \/><\/p>\n<p style=\"text-align: center;\"><img loading=\"lazy\" decoding=\"async\" class=\"alignnone size-full wp-image-36500\" src=\"https:\/\/www.infotorrent.es\/wp-content\/uploads\/2020\/01\/Carrera_Serra-3.jpeg\" alt=\"\" width=\"717\" height=\"538\" \/><\/p>\n<p style=\"text-align: center;\"><img loading=\"lazy\" decoding=\"async\" class=\"alignnone size-bdaiablock11 wp-image-36498\" src=\"https:\/\/www.infotorrent.es\/wp-content\/uploads\/2020\/01\/Carrera_Serra-2.jpeg\" alt=\"\" width=\"717\" height=\"538\" \/><\/p>\n<p style=\"text-align: center;\"><img loading=\"lazy\" decoding=\"async\" class=\"alignnone  wp-image-36496\" src=\"https:\/\/www.infotorrent.es\/wp-content\/uploads\/2020\/01\/Carrera_Serra-1.jpeg\" alt=\"\" width=\"721\" height=\"540\" \/><\/p>\n","protected":false},"excerpt":{"rendered":"<p>La modalitat Reina va comptar amb 134 inscrits, superada per la modalitat SpeedTrail en la qual van participar 255 persones La IX Carrera x Muntanya Serra Perenxisa va ser la protagonista de l&#8217;agenda d&#8217;activitats del passat diumenge. La prova esportiva, una de les m\u00e9s esperades de l&#8217;any, va transc\u00f3rrer en un escenari inigualable, ja que [&hellip;]<\/p>\n","protected":false},"author":13,"featured_media":12674,"comment_status":"closed","ping_status":"open","sticky":false,"template":"","format":"standard","meta":{"_acf_changed":false,"footnotes":""},"categories":[123,116],"tags":[],"class_list":["post-12672","post","type-post","status-publish","format-standard","has-post-thumbnail","hentry","category-joventut-i-esports","category-noticies"],"acf":[],"_links":{"self":[{"href":"https:\/\/infotorrent.es\/ca\/wp-json\/wp\/v2\/posts\/12672","targetHints":{"allow":["GET"]}}],"collection":[{"href":"https:\/\/infotorrent.es\/ca\/wp-json\/wp\/v2\/posts"}],"about":[{"href":"https:\/\/infotorrent.es\/ca\/wp-json\/wp\/v2\/types\/post"}],"author":[{"embeddable":true,"href":"https:\/\/infotorrent.es\/ca\/wp-json\/wp\/v2\/users\/13"}],"replies":[{"embeddable":true,"href":"https:\/\/infotorrent.es\/ca\/wp-json\/wp\/v2\/comments?post=12672"}],"version-history":[{"count":0,"href":"https:\/\/infotorrent.es\/ca\/wp-json\/wp\/v2\/posts\/12672\/revisions"}],"wp:featuredmedia":[{"embeddable":true,"href":"https:\/\/infotorrent.es\/ca\/wp-json\/wp\/v2\/media\/12674"}],"wp:attachment":[{"href":"https:\/\/infotorrent.es\/ca\/wp-json\/wp\/v2\/media?parent=12672"}],"wp:term":[{"taxonomy":"category","embeddable":true,"href":"https:\/\/infotorrent.es\/ca\/wp-json\/wp\/v2\/categories?post=12672"},{"taxonomy":"post_tag","embeddable":true,"href":"https:\/\/infotorrent.es\/ca\/wp-json\/wp\/v2\/tags?post=12672"}],"curies":[{"name":"wp","href":"https:\/\/api.w.org\/{rel}","templated":true}]}}