{"id":12659,"date":"2020-01-23T15:27:05","date_gmt":"2020-01-23T15:27:05","guid":{"rendered":"https:\/\/infotorrent.es\/uncategorized\/els-moros-i-cristians-de-torrent-desfilaran-en-el-mig-any\/"},"modified":"2020-01-23T15:23:39","modified_gmt":"2020-01-23T15:23:39","slug":"els-moros-i-cristians-de-torrent-desfilaran-en-el-mig-any","status":"publish","type":"post","link":"https:\/\/infotorrent.es\/ca\/noticies\/els-moros-i-cristians-de-torrent-desfilaran-en-el-mig-any\/","title":{"rendered":"Els moros i cristians de Torrent desfilaran en el Mig Any"},"content":{"rendered":"<p style=\"text-align: justify;\"><strong>La IX Carrera x Muntanya Serra Perenxisa, amb eixida i meta en el c\u00e0mping La Pir\u00e0mide, \u00e9s una de les propostes esportives en l&#8217;agenda d&#8217;activitats<\/strong><\/p>\n<p style=\"text-align: justify;\">Quan Torrent compleix sis mesos des de les festes de moros i cristians, les comparses i filaes inundaran aquest dissabte els carrers de la ciutat amb la celebraci\u00f3 del Mig Any. Els festers tenen per davant un dia carregat d&#8217;activitats que donar\u00e0 inici a les 11.30 h amb una desfilada des de la parr\u00f2quia de MontSi\u00f3 fins a la pla\u00e7a Major. Als peus de la Torre, els moros i cristians nomenaran als seus c\u00e0rrecs per a les festes de 2020. Per aix\u00f2, Nicko Mag\u00e1n Oliva, ser\u00e0 nomenat capit\u00e0 cristi\u00e0; Vicent Soler Quilis, capit\u00e0 moro; Ram\u00f3n Almerich Gonz\u00e1lez, alferes cristi\u00e0; i Eduardo Garc\u00eda Moral, alferes moro. Despr\u00e9s de l&#8217;acte, els moros i cristians realitzaran un menjar de \u201cgermanor\u201d en l&#8217;\u00e0gora de Parc Central. A les 16 h donar\u00e0 comen\u00e7ament la festa amb una disc &#8211; m\u00f2bil, que acabar\u00e0 amb un sopar i m\u00fasica i orquestra.<\/p>\n<p style=\"text-align: justify;\"><img fetchpriority=\"high\" decoding=\"async\" class=\"aligncenter size-full wp-image-36409\" src=\"https:\/\/www.infotorrent.es\/wp-content\/uploads\/2020\/01\/Mig-any-2-e1579791624280.jpg\" alt=\"\" width=\"1000\" height=\"667\" \/><\/p>\n<p style=\"text-align: justify;\"><img decoding=\"async\" class=\"aligncenter size-full wp-image-36407\" src=\"https:\/\/www.infotorrent.es\/wp-content\/uploads\/2020\/01\/Mig-any-1-e1579791663142.jpg\" alt=\"\" width=\"1000\" height=\"667\" \/><br \/>\n<strong>Proves esportives<\/strong><br \/>\nL&#8217;agenda esportiva est\u00e0 completa aquest cap de setmana amb la IX Carrera x Muntanya Serra Perenxisa, una de les proves esportives m\u00e9s esperades de l&#8217;any. El diumenge al mat\u00ed des del c\u00e0mping La Pir\u00e0mide es donar\u00e0 l&#8217;inici a la competici\u00f3, que compta amb dues modalitats, que varien segons el recorregut i els km. Les inscripcions poden realitzar-se de manera online fins al 24 de gener a les 23.59 h en el seg\u00fcent enlla\u00e7: <a href=\"https:\/\/www.toprun.es\/eventos\/ix-cursa-x-muntanya-torrent---serra-perenxisa-2020\" target=\"_blank\" rel=\"noopener\">IX Carrera x Muntanya Serra Perenxisa<\/a><\/p>\n<p><strong>75 aniversari<\/strong><br \/>\nEl col\u00b7legi Sant Tom\u00e1s d&#8217;Aquino celebra una setmana per a commemorar les seues 75 anys des de la seua creaci\u00f3. Del 24 al 31 de gener, el col\u00b7legi reunir\u00e0 antics i actuals alumnes per a recordar i posar en valor la hist\u00f2ria i traject\u00f2ria del centre. El tret d&#8217;eixida del programa ser\u00e0 aquest divendres a les 19 h amb la inauguraci\u00f3 d&#8217;una exposici\u00f3 fotogr\u00e0fica, un record els primers anys del centre, a m\u00e9s de fer un rep\u00e0s a tota la seua traject\u00f2ria. La mostra estar\u00e0 oberta al p\u00fablic fins al dijous 30 de gener a la sala d&#8217;exposicions de l\u2019Espai.<\/p>\n<p>Les activitats continuaran el dissabte a les 10 h amb una carrera solid\u00e0ria en fam\u00edlia, que anir\u00e0 des de l&#8217;avinguda al Vedat fins a arribar a les portes del col\u00b7legi. Es tracta d&#8217;una activitat solid\u00e0ria, ja que les persones participants han d&#8217;aportar 1 quilo d&#8217;aliments no peribles. Seguidament, per a reprendre forces, al pati del col\u00b7legi Sant Tom\u00e1s d&#8217;Aquino, les fam\u00edlies podran realitzar les seues pr\u00f2pies paelles, a m\u00e9s, participar en un concurs de postres casolanes.<\/p>\n<p><strong>Activitats falleres<\/strong><br \/>\nL&#8217;associaci\u00f3 ADISTO celebra aquest dissabte un acte molt especial: la presentaci\u00f3 fallera. Un emotiu moment per a Inma Olmeda Gonz\u00e1lez, que rebr\u00e0 la banda que l&#8217;acredita com a fallera major de ADISTO; i Marina S\u00e1nchez Garc\u00eda, ser\u00e0 nomenada presidenta. La presentaci\u00f3 tindr\u00e0 lloc a les 17.30 h a l&#8217;Aula Cultura de la CAM.<\/p>\n<p><strong>Festivitats Sant Blai<\/strong><br \/>\nEls torrentins i torrentines calfen motors per a celebrar una de les festes m\u00e9s representatives i volgudes en la capital de l&#8217;Horta Sud: Sant Blai. Per aix\u00f2, aquest diumenge al mat\u00ed, els clavaris i clavariesas celebraran la tradicional Passejada del Va guiar; un acte que anuncia la festivitat, que tindr\u00e0 lloc el pr\u00f2xim 3 de febrer. Els xiquets i xiquetes que enguany formen la clavaria es reuniran les 12.15 h en la parr\u00f2quia Sant Llu\u00eds Beltr\u00e1n per a la benedicci\u00f3 i imposici\u00f3 de medalles i una missa. El mat\u00ed es tancar\u00e0 amb la trucada Passejada del Va guiar pels carrers de la ciutat, un moment molt divertit per als m\u00e9s xicotets i xicotetes, ja que repartiran caramels entre el p\u00fablic.<\/p>\n<p><strong>Medi Ambient<\/strong><br \/>\nTorrent comen\u00e7ar\u00e0 el dia aquest dissabte amb una jornada de reforestaci\u00f3 en el Vedat. L&#8217;activitat consisteix en el fet que cada fam\u00edlia o grup d&#8217;amics plante uns quants exemplars d&#8217;arbres aut\u00f2ctons, que posteriorment s&#8217;identificaran amb un n\u00famero sobre les piquetes de senyal\u00edstica. Des d&#8217;aqueix moment, ells seran els &#8220;padrins&#8221; d&#8217;aqueixos exemplars, encarregant-se de les seues cures, tals com reg, eliminaci\u00f3 de males herbes, etc. Es tracta d&#8217;una activitat organitzada per l&#8217;Associaci\u00f3 de Ve\u00efns El Vedat i el Voluntariat Torrent Verd. El punt de trobada tindr\u00e0 lloc a l&#8217;esplanada de l&#8217;esgl\u00e9sia El Vedat a les 10 h. Les persones interessades han d&#8217;inscriure&#8217;s en la seg\u00fcent adre\u00e7a electr\u00f2nica: asociacion@elvedat.org<\/p>\n","protected":false},"excerpt":{"rendered":"<p>La IX Carrera x Muntanya Serra Perenxisa, amb eixida i meta en el c\u00e0mping La Pir\u00e0mide, \u00e9s una de les propostes esportives en l&#8217;agenda d&#8217;activitats Quan Torrent compleix sis mesos des de les festes de moros i cristians, les comparses i filaes inundaran aquest dissabte els carrers de la ciutat amb la celebraci\u00f3 del Mig [&hellip;]<\/p>\n","protected":false},"author":6,"featured_media":12661,"comment_status":"closed","ping_status":"open","sticky":false,"template":"","format":"standard","meta":{"_acf_changed":false,"footnotes":""},"categories":[117,123,119,116],"tags":[],"class_list":["post-12659","post","type-post","status-publish","format-standard","has-post-thumbnail","hentry","category-cultura","category-joventut-i-esports","category-medi-ambient","category-noticies"],"acf":[],"_links":{"self":[{"href":"https:\/\/infotorrent.es\/ca\/wp-json\/wp\/v2\/posts\/12659","targetHints":{"allow":["GET"]}}],"collection":[{"href":"https:\/\/infotorrent.es\/ca\/wp-json\/wp\/v2\/posts"}],"about":[{"href":"https:\/\/infotorrent.es\/ca\/wp-json\/wp\/v2\/types\/post"}],"author":[{"embeddable":true,"href":"https:\/\/infotorrent.es\/ca\/wp-json\/wp\/v2\/users\/6"}],"replies":[{"embeddable":true,"href":"https:\/\/infotorrent.es\/ca\/wp-json\/wp\/v2\/comments?post=12659"}],"version-history":[{"count":0,"href":"https:\/\/infotorrent.es\/ca\/wp-json\/wp\/v2\/posts\/12659\/revisions"}],"wp:featuredmedia":[{"embeddable":true,"href":"https:\/\/infotorrent.es\/ca\/wp-json\/wp\/v2\/media\/12661"}],"wp:attachment":[{"href":"https:\/\/infotorrent.es\/ca\/wp-json\/wp\/v2\/media?parent=12659"}],"wp:term":[{"taxonomy":"category","embeddable":true,"href":"https:\/\/infotorrent.es\/ca\/wp-json\/wp\/v2\/categories?post=12659"},{"taxonomy":"post_tag","embeddable":true,"href":"https:\/\/infotorrent.es\/ca\/wp-json\/wp\/v2\/tags?post=12659"}],"curies":[{"name":"wp","href":"https:\/\/api.w.org\/{rel}","templated":true}]}}