{"id":12657,"date":"2020-01-23T09:09:02","date_gmt":"2020-01-23T09:09:02","guid":{"rendered":"https:\/\/infotorrent.es\/uncategorized\/torrent-viatjara-a-traves-de-la-ruta-de-la-seda-de-la-ma-del-festival-arrels\/"},"modified":"2020-01-23T09:07:42","modified_gmt":"2020-01-23T09:07:42","slug":"torrent-viatjara-a-traves-de-la-ruta-de-la-seda-de-la-ma-del-festival-arrels","status":"publish","type":"post","link":"https:\/\/infotorrent.es\/ca\/noticies\/torrent-viatjara-a-traves-de-la-ruta-de-la-seda-de-la-ma-del-festival-arrels\/","title":{"rendered":"Torrent viatjar\u00e0 a trav\u00e9s de la Ruta de la Seda de la m\u00e0 del festival Arrels"},"content":{"rendered":"<p>Del 4 al 9 de febrer, el Museu Comarcal, l&#8217; Antic Mercat i l&#8217; Auditori acolliran una s\u00e8rie de concerts inspirats en la hist\u00f2ria, cultura i tradici\u00f3 de la hist\u00f2rica senda<\/p>\n<p>Despr\u00e9s de rebre el Segell Europeu de Qualitat 2019 \u2013 2020 per l&#8217;Associaci\u00f3 de Festivals Europeus, el festival Arrels es prepara per a la seua tercera edici\u00f3 sota el t\u00edtol La Ruta de la Seda. Del 4 al 9 de febrer, la ciutat de Torrent viatjar\u00e0 a trav\u00e9s de la hist\u00f2rica senda comercial que fa segles va afavorir el descobriment de tradicions, gastronomia, art i maneres d&#8217;entendre la vida que van influir de manera determinant en cada territori del cam\u00ed.<\/p>\n<p>En el festival es donaran cita int\u00e8rprets internacionals, aix\u00ed com Capella de Ministrers, Carles Magraner o El Grup de Ball de Torrent, que oferiran els seus espectacles en els escenaris l&#8217; Antic Mercat, el Museu Comarcal de l&#8217;Horta Sud l&#8217; Auditori. A m\u00e9s dels concerts, en Arrels t\u00e9 cabuda altres propostes, com les activitats did\u00e0ctiques per al p\u00fablic juvenil o les confer\u00e8ncies.<\/p>\n<p>El programa donar\u00e0 el tret d&#8217;eixida el dia 4 de febrer en l&#8217; Auditori. Amb Carmelina i Tirant, concert did\u00e0ctic oferit per Capella de Ministrers, el p\u00fablic juvenil es traslladar\u00e0 al Segle d&#8217;Or. En aquesta producci\u00f3 es combinen diversos elements essencials que fan veure l&#8217;espectacle com un tot humanista on literatura, poesia, pintura, art i hist\u00f2ria conflueixen utilitzant la m\u00fasica com a vehicle d&#8217;uni\u00f3.<\/p>\n<p>Aqueixa mateixa vesprada, a les 17 h, arribar\u00e0 el torn perqu\u00e8 el festival Arrels arribe a tots els racons de Torrent, en aquest cas, a les perosnas m\u00e9s majors. La veu del \u201ccantaor\u201d Josep Aparicio \u201c*Apa\u201d, acompanyat de la m\u00fasica de Toni Porcar i Eduard Navarro, omplir\u00e0 el Centre de Majors Santa Elena amb un concert social en el qual s&#8217;utilitzaran instruments com la guitarra, la bandurria o algun instrument de vent com la dol\u00e7aina valenciana.<\/p>\n<p>L&#8217;agenda seguir\u00e0 amb la confer\u00e8ncia El Mediterrani i la Ruta de la Seda, impartida per Germ\u00e1n Navarro. El ponent abordar\u00e0 les rutes durant l&#8217;Edat mitjana i el dialogue entre les civilitzacions d&#8217;Orient i Occident, que es van establir en tots els nivells possibles, com a comer\u00e7 internacional i economia, migracions d&#8217;artesans i mercaders de ciutat en ciutat, la moda de la seda, l&#8217;intercanvi de cultures i expressions art\u00edstiques, literata, patrimoni. La cita tindr\u00e0 lloc el 4 de febrer a les 19 h en el Museu Comarcal.<\/p>\n<p>La m\u00fasica cl\u00e0ssica ser\u00e0 la protagonista del concert La seda il\u00b7lustrada. L&#8217; Antic Mercat acollir\u00e0 aquest esdeveniment el 5 de febrer a les 20 h amb la participaci\u00f3 de Carmina S\u00e1nchez, Carles Magraner i Robert Cases. El programa del concert oferir\u00e0 \u00e0ries italianes de Vicente Mart\u00edn i Soler i un cicle de can\u00e7ons de Mozart, obres d&#8217;especial intimitat i del car\u00e0cter galant que va predominar en l&#8217;esperit burg\u00e9s de l&#8217;\u00e8poca.<\/p>\n<p>L&#8217;equador del festival, 6 de febrer, arribar\u00e0 amb la Festa Persa: Kereshmeh; un espectacle en el qual el fil conductor \u00e9s la qualitat o do que tenen algunes persones en ballar. Desenvolupat pel m\u00fasic irani\u00e0 Kaveh Sarvarian i la ballarina madrilenya Patricia \u00c1lvarez. Kereshmeh, els espectadors realitzaran un viatge sensorial i ritual que usa els llenguatges tradicionals. En l&#8217; Antic Mercat a les 20 h.<\/p>\n<p>El divendres, 7 de febrer, Una vetlada andalusina oferir\u00e0 un repertori amb un alt de significat tant en les seues lletres com en la seua m\u00fasica, buscant sempre elevar l&#8217;estat de qui el canta i toca, i qui l&#8217;escolta. L&#8217;espectacle, que tindr\u00e0 lloc a les 20 h en l&#8217; Antic Mercat, ser\u00e0 a c\u00e0rrec de Yinnan Ensemble, conjunt de m\u00fasica andalusina basat en la ciutat de Granada i format per m\u00fasics professionals d&#8217;origen marroqu\u00ed i espanyol.<\/p>\n<p>Orient i el Mediterrani es fusionaran amb el concert La Ruta de la Seda, per Capella de Ministrers i Carles Magraner. A trav\u00e9s de la m\u00fasica, el p\u00fablic se submergir\u00e0 en aquesta hist\u00f2rica ruta, on no sols circulaven les caravanes comercials, tamb\u00e9 les cultures dels pobles, els valors espirituals i les idees religioses. El meravell\u00f3s espectacle tindr\u00e0 lloc el 8 de febrer, a les 20 h en l&#8217; Auditori.<\/p>\n<p>El fermall final del festival Arrels el posar\u00e0 el diumenge, 9 de febrer, el Grup de Ball de Torrent, que representar\u00e0 La deman\u00e0; una escenificaci\u00f3 d&#8217;una tradici\u00f3 en la qual la fam\u00edlia del nuvi l&#8217;acompanyava a casa de la fam\u00edlia de la n\u00favia per a formalitzar la demanada de m\u00e0. Aix\u00ed, amb un ambient festiu, la dansa, la hist\u00f2ria i la tradici\u00f3 faran gaudir a tots els assistents que es congregaran a les 12 h en l&#8217; Auditori.<\/p>\n","protected":false},"excerpt":{"rendered":"<p>Del 4 al 9 de febrer, el Museu Comarcal, l&#8217; Antic Mercat i l&#8217; Auditori acolliran una s\u00e8rie de concerts inspirats en la hist\u00f2ria, cultura i tradici\u00f3 de la hist\u00f2rica senda Despr\u00e9s de rebre el Segell Europeu de Qualitat 2019 \u2013 2020 per l&#8217;Associaci\u00f3 de Festivals Europeus, el festival Arrels es prepara per a la [&hellip;]<\/p>\n","protected":false},"author":2,"featured_media":1137,"comment_status":"closed","ping_status":"open","sticky":false,"template":"","format":"standard","meta":{"_acf_changed":false,"footnotes":""},"categories":[126,116],"tags":[236],"class_list":["post-12657","post","type-post","status-publish","format-standard","has-post-thumbnail","hentry","category-cultura-es-2","category-noticies","tag-ajuntament-de-torrent"],"acf":[],"_links":{"self":[{"href":"https:\/\/infotorrent.es\/ca\/wp-json\/wp\/v2\/posts\/12657","targetHints":{"allow":["GET"]}}],"collection":[{"href":"https:\/\/infotorrent.es\/ca\/wp-json\/wp\/v2\/posts"}],"about":[{"href":"https:\/\/infotorrent.es\/ca\/wp-json\/wp\/v2\/types\/post"}],"author":[{"embeddable":true,"href":"https:\/\/infotorrent.es\/ca\/wp-json\/wp\/v2\/users\/2"}],"replies":[{"embeddable":true,"href":"https:\/\/infotorrent.es\/ca\/wp-json\/wp\/v2\/comments?post=12657"}],"version-history":[{"count":0,"href":"https:\/\/infotorrent.es\/ca\/wp-json\/wp\/v2\/posts\/12657\/revisions"}],"wp:featuredmedia":[{"embeddable":true,"href":"https:\/\/infotorrent.es\/ca\/wp-json\/wp\/v2\/media\/1137"}],"wp:attachment":[{"href":"https:\/\/infotorrent.es\/ca\/wp-json\/wp\/v2\/media?parent=12657"}],"wp:term":[{"taxonomy":"category","embeddable":true,"href":"https:\/\/infotorrent.es\/ca\/wp-json\/wp\/v2\/categories?post=12657"},{"taxonomy":"post_tag","embeddable":true,"href":"https:\/\/infotorrent.es\/ca\/wp-json\/wp\/v2\/tags?post=12657"}],"curies":[{"name":"wp","href":"https:\/\/api.w.org\/{rel}","templated":true}]}}