{"id":12623,"date":"2020-01-14T14:34:19","date_gmt":"2020-01-14T14:34:19","guid":{"rendered":"https:\/\/infotorrent.es\/uncategorized\/el-torrenti-jose-luis-alabarta-exposa-la-seua-fonoteca-a-picanya\/"},"modified":"2020-01-14T14:33:33","modified_gmt":"2020-01-14T14:33:33","slug":"el-torrenti-jose-luis-alabarta-exposa-la-seua-fonoteca-a-picanya","status":"publish","type":"post","link":"https:\/\/infotorrent.es\/ca\/noticies\/el-torrenti-jose-luis-alabarta-exposa-la-seua-fonoteca-a-picanya\/","title":{"rendered":"El torrent\u00ed Jose Luis Alabarta exposa la seua fonoteca a Picanya"},"content":{"rendered":"<p>La mostra La bona salut de la m\u00fasica valenciana, fonoteca Jose Lu\u00eds Alabarta es va inaugurar el diumenge a la sala d&#8217;exposicions Carme Alborch de Picanya, dins de les activitats que es van preparar per a celebrar l&#8217;acte de lliurament del premi de Narrativa Juvenil Enric Valor. Es tracta d&#8217;una incre\u00efble recopilaci\u00f3 musical del torren\u00ed que inclou a tradicionals i conegudes figures de la hist\u00f2ria de la m\u00fasica a Val\u00e8ncia, com Monle\u00f3n, Pep Gimeno \u201cbotifarra\u201d, Paco Mu\u00f1oz o Miquel Gil. L&#8217;alcalde Jes\u00fas Ros va acompanyar a Jose Luis Alabarta en aquesta exposici\u00f3 que romandr\u00e0 oberta fins al 19 de gener.<\/p>\n<p>&nbsp;<\/p>\n","protected":false},"excerpt":{"rendered":"<p>La mostra La bona salut de la m\u00fasica valenciana, fonoteca Jose Lu\u00eds Alabarta es va inaugurar el diumenge a la sala d&#8217;exposicions Carme Alborch de Picanya, dins de les activitats que es van preparar per a celebrar l&#8217;acte de lliurament del premi de Narrativa Juvenil Enric Valor. Es tracta d&#8217;una incre\u00efble recopilaci\u00f3 musical del torren\u00ed [&hellip;]<\/p>\n","protected":false},"author":2,"featured_media":1137,"comment_status":"closed","ping_status":"open","sticky":false,"template":"","format":"standard","meta":{"_acf_changed":false,"footnotes":""},"categories":[126,116],"tags":[236],"class_list":["post-12623","post","type-post","status-publish","format-standard","has-post-thumbnail","hentry","category-cultura-es-2","category-noticies","tag-ajuntament-de-torrent"],"acf":[],"_links":{"self":[{"href":"https:\/\/infotorrent.es\/ca\/wp-json\/wp\/v2\/posts\/12623","targetHints":{"allow":["GET"]}}],"collection":[{"href":"https:\/\/infotorrent.es\/ca\/wp-json\/wp\/v2\/posts"}],"about":[{"href":"https:\/\/infotorrent.es\/ca\/wp-json\/wp\/v2\/types\/post"}],"author":[{"embeddable":true,"href":"https:\/\/infotorrent.es\/ca\/wp-json\/wp\/v2\/users\/2"}],"replies":[{"embeddable":true,"href":"https:\/\/infotorrent.es\/ca\/wp-json\/wp\/v2\/comments?post=12623"}],"version-history":[{"count":0,"href":"https:\/\/infotorrent.es\/ca\/wp-json\/wp\/v2\/posts\/12623\/revisions"}],"wp:featuredmedia":[{"embeddable":true,"href":"https:\/\/infotorrent.es\/ca\/wp-json\/wp\/v2\/media\/1137"}],"wp:attachment":[{"href":"https:\/\/infotorrent.es\/ca\/wp-json\/wp\/v2\/media?parent=12623"}],"wp:term":[{"taxonomy":"category","embeddable":true,"href":"https:\/\/infotorrent.es\/ca\/wp-json\/wp\/v2\/categories?post=12623"},{"taxonomy":"post_tag","embeddable":true,"href":"https:\/\/infotorrent.es\/ca\/wp-json\/wp\/v2\/tags?post=12623"}],"curies":[{"name":"wp","href":"https:\/\/api.w.org\/{rel}","templated":true}]}}