{"id":12609,"date":"2020-01-14T08:31:18","date_gmt":"2020-01-14T08:31:18","guid":{"rendered":"https:\/\/infotorrent.es\/uncategorized\/felicia-rodriguez-es-coronada-com-dulcinea-de-lassociacio-castella-la-manxa\/"},"modified":"2020-01-14T08:27:38","modified_gmt":"2020-01-14T08:27:38","slug":"felicia-rodriguez-es-coronada-com-dulcinea-de-lassociacio-castella-la-manxa","status":"publish","type":"post","link":"https:\/\/infotorrent.es\/ca\/noticies\/felicia-rodriguez-es-coronada-com-dulcinea-de-lassociacio-castella-la-manxa\/","title":{"rendered":"Felicia Rodr\u00edguez \u00e9s coronada com Dulcinea de l&#8217;associaci\u00f3 Castella- La Manxa"},"content":{"rendered":"<p style=\"text-align: justify;\">L&#8217;associaci\u00f3 Castella-la Manxa de Torrent ha estat aquest cap de setmana de celebraci\u00f3, ja que el diumenge va coronar a la seua nova Dulcinea, Felicia Rodr\u00edguez. La sala d&#8217;actes de l&#8217;ajuntament va acollir aquest esdeveniment en el qual Felicia, acompanyada de tota la seua fam\u00edlia, amics i components de l&#8217;associaci\u00f3, va viure un moment molt emotiu rebent el llegat de l&#8217;anterior Dulcinea, Sonia Rodr\u00edguez, que \u00e9s la seua neboda. Igualment, l&#8217;emoci\u00f3 va ser per partida doble perqu\u00e8 el seu marit \u00e9s el president de l&#8217;associaci\u00f3. L&#8217;alcalde Jes\u00fas Ros i els representants de la corporaci\u00f3 municipal, van acompanyar a la nova Dulcinea que, a m\u00e9s, va rebre la visita de les m\u00e0ximes representants de les festes de Torrent, com la fallera major, la Reina de l&#8217;Encontre i representants de cases culturals i associacions d&#8217;altres poblacions.<\/p>\n<p><img fetchpriority=\"high\" decoding=\"async\" class=\"size-full wp-image-35983 aligncenter\" src=\"https:\/\/www.infotorrent.es\/wp-content\/uploads\/2020\/01\/Dulcinea-3.jpg\" alt=\"\" width=\"695\" height=\"463\" \/><\/p>\n<p><img decoding=\"async\" class=\"size-full wp-image-35985 aligncenter\" src=\"https:\/\/www.infotorrent.es\/wp-content\/uploads\/2020\/01\/Dulcinea-2.jpg\" alt=\"\" width=\"695\" height=\"463\" \/><\/p>\n","protected":false},"excerpt":{"rendered":"<p>L&#8217;associaci\u00f3 Castella-la Manxa de Torrent ha estat aquest cap de setmana de celebraci\u00f3, ja que el diumenge va coronar a la seua nova Dulcinea, Felicia Rodr\u00edguez. La sala d&#8217;actes de l&#8217;ajuntament va acollir aquest esdeveniment en el qual Felicia, acompanyada de tota la seua fam\u00edlia, amics i components de l&#8217;associaci\u00f3, va viure un moment molt [&hellip;]<\/p>\n","protected":false},"author":3,"featured_media":12611,"comment_status":"closed","ping_status":"open","sticky":false,"template":"","format":"standard","meta":{"_acf_changed":false,"footnotes":""},"categories":[117,116],"tags":[1053],"class_list":["post-12609","post","type-post","status-publish","format-standard","has-post-thumbnail","hentry","category-cultura","category-noticies","tag-castella-la-manxadulcinea"],"acf":[],"_links":{"self":[{"href":"https:\/\/infotorrent.es\/ca\/wp-json\/wp\/v2\/posts\/12609","targetHints":{"allow":["GET"]}}],"collection":[{"href":"https:\/\/infotorrent.es\/ca\/wp-json\/wp\/v2\/posts"}],"about":[{"href":"https:\/\/infotorrent.es\/ca\/wp-json\/wp\/v2\/types\/post"}],"author":[{"embeddable":true,"href":"https:\/\/infotorrent.es\/ca\/wp-json\/wp\/v2\/users\/3"}],"replies":[{"embeddable":true,"href":"https:\/\/infotorrent.es\/ca\/wp-json\/wp\/v2\/comments?post=12609"}],"version-history":[{"count":0,"href":"https:\/\/infotorrent.es\/ca\/wp-json\/wp\/v2\/posts\/12609\/revisions"}],"wp:featuredmedia":[{"embeddable":true,"href":"https:\/\/infotorrent.es\/ca\/wp-json\/wp\/v2\/media\/12611"}],"wp:attachment":[{"href":"https:\/\/infotorrent.es\/ca\/wp-json\/wp\/v2\/media?parent=12609"}],"wp:term":[{"taxonomy":"category","embeddable":true,"href":"https:\/\/infotorrent.es\/ca\/wp-json\/wp\/v2\/categories?post=12609"},{"taxonomy":"post_tag","embeddable":true,"href":"https:\/\/infotorrent.es\/ca\/wp-json\/wp\/v2\/tags?post=12609"}],"curies":[{"name":"wp","href":"https:\/\/api.w.org\/{rel}","templated":true}]}}