{"id":12598,"date":"2020-01-13T07:16:21","date_gmt":"2020-01-13T07:16:21","guid":{"rendered":"https:\/\/infotorrent.es\/uncategorized\/martin-fiz-correra-en-la-mitja-marato-ciutat-de-torrent\/"},"modified":"2020-01-13T07:14:55","modified_gmt":"2020-01-13T07:14:55","slug":"martin-fiz-correra-en-la-mitja-marato-ciutat-de-torrent","status":"publish","type":"post","link":"https:\/\/infotorrent.es\/ca\/noticies\/martin-fiz-correra-en-la-mitja-marato-ciutat-de-torrent\/","title":{"rendered":"Mart\u00edn Fiz correr\u00e0 en la Mitja Marat\u00f3 Ciutat de Torrent"},"content":{"rendered":"<p style=\"text-align: justify;\"><strong>La cita esportiva tindr\u00e0 lloc el 19 de gener en les instal\u00b7lacions de Parc Central<\/strong><\/p>\n<p style=\"text-align: justify;\"><strong>Les inscripcions poden realitzar-se fins al 15 de gener<\/strong><\/p>\n<p style=\"text-align: justify;\">En l&#8217;\u00e0mbit esportiu, la ciutat de Torrent ha iniciat l&#8217;any 2020 trepitjant fort, i el dia 19 de gener se celebrar\u00e0 la 15a Mitja Marat\u00f3 Ciutat de Torrent. La prova esportiva, que tindr\u00e0 lloc en Parc Central, donar\u00e0 principi a les 10 h. Entre els participants es trobar\u00e0 Mart\u00edn Fiz, corredor d&#8217;elit que va marcar un abans i un despr\u00e9s en la marat\u00f3 espanyola, collint grans \u00e8xits, entre ells destaca el quart lloc en els Jocs Ol\u00edmpics d&#8217;Atlanta (1996), en els Mundials d&#8217;Atenes (1997) va guanyar la medalla de plata i en els Jocs Ol\u00edmpics de S\u00eddney (2000) va aconseguir el sis\u00e9 lloc.<\/p>\n<p style=\"text-align: justify;\">La carrera t\u00e9 un recorregut urb\u00e0 i pla. A m\u00e9s, es realitzar\u00e0 una jornada de portes obertes en les instal\u00b7lacions de Parc Central per a tots els participants i els seus acompanyants, podent con\u00e9ixer el gimn\u00e0s, la piscina climatitzada i la zona del spa.<\/p>\n<p style=\"text-align: justify;\">Les inscripcions poden realitzar-se fins al 15 de gener en el seg\u00fcent enlla\u00e7: <a href=\"http:\/\/www.cronorunner.com\/informacionEvento.php?edic=1365\" target=\"_blank\" rel=\"noopener\">http:\/\/www.cronorunner.com\/informacionEvento.php?edic=1365<\/a>; o presencialmente en las oficinas de la FDM (Tlf. 96 156 23 46 \u2013 Fax 96 156 17 31).<\/p>\n","protected":false},"excerpt":{"rendered":"<p>La cita esportiva tindr\u00e0 lloc el 19 de gener en les instal\u00b7lacions de Parc Central Les inscripcions poden realitzar-se fins al 15 de gener En l&#8217;\u00e0mbit esportiu, la ciutat de Torrent ha iniciat l&#8217;any 2020 trepitjant fort, i el dia 19 de gener se celebrar\u00e0 la 15a Mitja Marat\u00f3 Ciutat de Torrent. La prova esportiva, [&hellip;]<\/p>\n","protected":false},"author":13,"featured_media":1137,"comment_status":"closed","ping_status":"open","sticky":false,"template":"","format":"standard","meta":{"_acf_changed":false,"footnotes":""},"categories":[123,116],"tags":[],"class_list":["post-12598","post","type-post","status-publish","format-standard","has-post-thumbnail","hentry","category-joventut-i-esports","category-noticies"],"acf":[],"_links":{"self":[{"href":"https:\/\/infotorrent.es\/ca\/wp-json\/wp\/v2\/posts\/12598","targetHints":{"allow":["GET"]}}],"collection":[{"href":"https:\/\/infotorrent.es\/ca\/wp-json\/wp\/v2\/posts"}],"about":[{"href":"https:\/\/infotorrent.es\/ca\/wp-json\/wp\/v2\/types\/post"}],"author":[{"embeddable":true,"href":"https:\/\/infotorrent.es\/ca\/wp-json\/wp\/v2\/users\/13"}],"replies":[{"embeddable":true,"href":"https:\/\/infotorrent.es\/ca\/wp-json\/wp\/v2\/comments?post=12598"}],"version-history":[{"count":0,"href":"https:\/\/infotorrent.es\/ca\/wp-json\/wp\/v2\/posts\/12598\/revisions"}],"wp:featuredmedia":[{"embeddable":true,"href":"https:\/\/infotorrent.es\/ca\/wp-json\/wp\/v2\/media\/1137"}],"wp:attachment":[{"href":"https:\/\/infotorrent.es\/ca\/wp-json\/wp\/v2\/media?parent=12598"}],"wp:term":[{"taxonomy":"category","embeddable":true,"href":"https:\/\/infotorrent.es\/ca\/wp-json\/wp\/v2\/categories?post=12598"},{"taxonomy":"post_tag","embeddable":true,"href":"https:\/\/infotorrent.es\/ca\/wp-json\/wp\/v2\/tags?post=12598"}],"curies":[{"name":"wp","href":"https:\/\/api.w.org\/{rel}","templated":true}]}}