{"id":12522,"date":"2019-12-17T14:37:10","date_gmt":"2019-12-17T14:37:10","guid":{"rendered":"https:\/\/infotorrent.es\/uncategorized\/emilio-chulia-inaugura-lexposicio-veintisiete\/"},"modified":"2019-12-17T14:39:32","modified_gmt":"2019-12-17T14:39:32","slug":"emilio-chulia-inaugura-lexposicio-veintisiete","status":"publish","type":"post","link":"https:\/\/infotorrent.es\/ca\/noticies\/emilio-chulia-inaugura-lexposicio-veintisiete\/","title":{"rendered":"Emilio Chuli\u00e1 inaugura l&#8217;exposici\u00f3 Veintisiete"},"content":{"rendered":"<p>Emilio Chuli\u00e1 va inaugurar divendres passat la seua nova exposici\u00f3 Veintisiete. L&#8217;associaci\u00f3 de ve\u00efns El Vedat acull aquesta impressionant mostra fotogr\u00e0fica que no deixa a ning\u00fa indiferent i que en cada imatge es pot comprovar el talent del torrentin\u00ed. L&#8217;artista va estar acompanyat del regidor de Medi Ambient, Francisco Jos\u00e9 Arnau, i el regidor d&#8217;Espais P\u00fablics, Daniel Iserte.<\/p>\n<p>&nbsp;<\/p>\n<p><img fetchpriority=\"high\" decoding=\"async\" class=\"size-full wp-image-35258 aligncenter\" src=\"https:\/\/www.infotorrent.es\/wp-content\/uploads\/2019\/12\/Emilio-Chulia-1-Copy.jpeg\" alt=\"\" width=\"600\" height=\"800\" \/><\/p>\n","protected":false},"excerpt":{"rendered":"<p>Emilio Chuli\u00e1 va inaugurar divendres passat la seua nova exposici\u00f3 Veintisiete. L&#8217;associaci\u00f3 de ve\u00efns El Vedat acull aquesta impressionant mostra fotogr\u00e0fica que no deixa a ning\u00fa indiferent i que en cada imatge es pot comprovar el talent del torrentin\u00ed. L&#8217;artista va estar acompanyat del regidor de Medi Ambient, Francisco Jos\u00e9 Arnau, i el regidor d&#8217;Espais [&hellip;]<\/p>\n","protected":false},"author":2,"featured_media":12524,"comment_status":"closed","ping_status":"open","sticky":false,"template":"","format":"standard","meta":{"_acf_changed":false,"footnotes":""},"categories":[126,116],"tags":[236],"class_list":["post-12522","post","type-post","status-publish","format-standard","has-post-thumbnail","hentry","category-cultura-es-2","category-noticies","tag-ajuntament-de-torrent"],"acf":[],"_links":{"self":[{"href":"https:\/\/infotorrent.es\/ca\/wp-json\/wp\/v2\/posts\/12522","targetHints":{"allow":["GET"]}}],"collection":[{"href":"https:\/\/infotorrent.es\/ca\/wp-json\/wp\/v2\/posts"}],"about":[{"href":"https:\/\/infotorrent.es\/ca\/wp-json\/wp\/v2\/types\/post"}],"author":[{"embeddable":true,"href":"https:\/\/infotorrent.es\/ca\/wp-json\/wp\/v2\/users\/2"}],"replies":[{"embeddable":true,"href":"https:\/\/infotorrent.es\/ca\/wp-json\/wp\/v2\/comments?post=12522"}],"version-history":[{"count":0,"href":"https:\/\/infotorrent.es\/ca\/wp-json\/wp\/v2\/posts\/12522\/revisions"}],"wp:featuredmedia":[{"embeddable":true,"href":"https:\/\/infotorrent.es\/ca\/wp-json\/wp\/v2\/media\/12524"}],"wp:attachment":[{"href":"https:\/\/infotorrent.es\/ca\/wp-json\/wp\/v2\/media?parent=12522"}],"wp:term":[{"taxonomy":"category","embeddable":true,"href":"https:\/\/infotorrent.es\/ca\/wp-json\/wp\/v2\/categories?post=12522"},{"taxonomy":"post_tag","embeddable":true,"href":"https:\/\/infotorrent.es\/ca\/wp-json\/wp\/v2\/tags?post=12522"}],"curies":[{"name":"wp","href":"https:\/\/api.w.org\/{rel}","templated":true}]}}