{"id":12519,"date":"2019-12-17T14:23:42","date_gmt":"2019-12-17T14:23:42","guid":{"rendered":"https:\/\/infotorrent.es\/uncategorized\/la-falla-avinguda-i-antonio-pardo-guanyadors-del-concurs-de-teatre-en-obra-curta-i-llarga-respectivament\/"},"modified":"2019-12-17T14:19:28","modified_gmt":"2019-12-17T14:19:28","slug":"la-falla-avinguda-i-antonio-pardo-guanyadors-del-concurs-de-teatre-en-obra-curta-i-llarga-respectivament","status":"publish","type":"post","link":"https:\/\/infotorrent.es\/ca\/noticies\/la-falla-avinguda-i-antonio-pardo-guanyadors-del-concurs-de-teatre-en-obra-curta-i-llarga-respectivament\/","title":{"rendered":"La falla Avinguda i Antonio Pardo, guanyadors del concurs de teatre en obra curta i llarga, respectivament"},"content":{"rendered":"<p>Les falles de Torrent es van donar cita el divendres a la nit en l&#8217; Auditori en la XIV Gala de la Cultura. Un esdeveniment on es van descobrir el nom de les falles guanyadores del concurs de teatre faller, organitzat per Junta Local Fallera de Torrent, aix\u00ed com els actors i actrius que tamb\u00e9 s&#8217;han al\u00e7at amb el triomf.<\/p>\n<p>La falla Avinguda i la falla Antonio Pardo van ser les guanyadors del concurs en la modalitat d&#8217;obra curta i llarga, respectivament. La fallera major de Torrent, Alicia Pallard\u00f3 Benavent, l&#8217;alcalde Jes\u00fas Ros, el regidor de Falles, Pascual Mart\u00ednez, van gaudir de la gala, amenitzada pel grup d&#8217;espectacle d&#8217;improvisaci\u00f3 S\u00fabit!<\/p>\n<p>PREMIS OBRA CURTA:<\/p>\n<p>Primer premi: TEMPTACIONS, falla Avinguda<br \/>\nSegon premi: NOVA YORK, NOVA YORK, de falla Sedav\u00ed<br \/>\nTercer premi: PRINCESSES *DESESPERADES, falla de la Pla\u00e7a<br \/>\nPREMIS OBRA LLARGA:<br \/>\nPrimer premi: TOC-TOC, falla Antoni Pardo<br \/>\nSegon premi: DESPR\u00c9S DE LA PLUTJA, falla Cronista<br \/>\nTercer premi: LA MALEDICCI\u00d3 DE LA GALLINA TERROSSA, falla \u00c1ngel de l&#8217;Alc\u00e0sser<br \/>\nPREMI A la MILLOR ESCENOGRAFIA OBRA CURTA: falla Cronista Vicent Beguer Esteve<br \/>\nPREMIO A la MILLOR ESCENOGRAFIA OBRA LLARGA: falla Antoni Marr\u00f3<br \/>\nPREMI A la MILLOR ACTRIU DE REPARTIMENT EN OBRA CURTA: Sara Garrirgues Royo, de la falla Avinguda<br \/>\nPREMI A la MILLOR ACTRIU DE REPARTIMENT EN OBRA LLARGA: Sandra Fas Momp\u00f3, de la falla Antoni Marr\u00f3<br \/>\nPREMI Al MILLOR ACTOR DE REPARTIMENT EN OBRA CURTA: Fernando P\u00e9rez Villa, de la falla Cronista Vicent Beguer Esteve<br \/>\nPREMI Al MILLOR ACTOR DE REPARTIMENT EN OBRA LLARGA: David Salcedo Herrero, de la falla Antoni Marr\u00f3<br \/>\nPREMI A la MILLOR ACTRIU EN OBRA CURTA: M\u00aa Dolores Mart\u00ednez Vicent, de la falla de la Pla\u00e7a<br \/>\nPREMI A la MILLOR ACTRIU EN OBRA LLARGA: Carla Carratal\u00e1 Climent, de la falla Cronista Vicent Beguer Esteve<br \/>\nPREMIO Al MILLOR ACTOR EN OBRA CURTA: Javier Yago Corcoles, de la falla Avinguda<br \/>\nPREMI Al MILLOR ACTOR EN OBRA LLARGA: Joseph Meseguer Mas, de la falla Antoni Marr\u00f3<br \/>\nPREMI A la MILLOR DIRECCION EN OBRA CURTA: Ximo Hern\u00e1ndez Mar\u00edn, de la falla Avinguda<br \/>\nPREMI A la MILLOR DIRECCION EN OBRA LLARGA: Ernesto Ruiz Cotillas, de la falla Antoni Pardo<\/p>\n<p>&nbsp;<\/p>\n<p><img fetchpriority=\"high\" decoding=\"async\" class=\"size-full wp-image-35264 aligncenter\" src=\"https:\/\/www.infotorrent.es\/wp-content\/uploads\/2019\/12\/Gala-Cultura-2-Copy-1.jpg\" alt=\"\" width=\"882\" height=\"588\" \/><\/p>\n<p>&nbsp;<\/p>\n<p><img decoding=\"async\" class=\"size-full wp-image-35262 aligncenter\" src=\"https:\/\/www.infotorrent.es\/wp-content\/uploads\/2019\/12\/Gala-Cultura-1-Copy.jpg\" alt=\"\" width=\"882\" height=\"588\" \/><\/p>\n","protected":false},"excerpt":{"rendered":"<p>Les falles de Torrent es van donar cita el divendres a la nit en l&#8217; Auditori en la XIV Gala de la Cultura. Un esdeveniment on es van descobrir el nom de les falles guanyadores del concurs de teatre faller, organitzat per Junta Local Fallera de Torrent, aix\u00ed com els actors i actrius que tamb\u00e9 [&hellip;]<\/p>\n","protected":false},"author":2,"featured_media":12521,"comment_status":"closed","ping_status":"open","sticky":false,"template":"","format":"standard","meta":{"_acf_changed":false,"footnotes":""},"categories":[126,116],"tags":[236],"class_list":["post-12519","post","type-post","status-publish","format-standard","has-post-thumbnail","hentry","category-cultura-es-2","category-noticies","tag-ajuntament-de-torrent"],"acf":[],"_links":{"self":[{"href":"https:\/\/infotorrent.es\/ca\/wp-json\/wp\/v2\/posts\/12519","targetHints":{"allow":["GET"]}}],"collection":[{"href":"https:\/\/infotorrent.es\/ca\/wp-json\/wp\/v2\/posts"}],"about":[{"href":"https:\/\/infotorrent.es\/ca\/wp-json\/wp\/v2\/types\/post"}],"author":[{"embeddable":true,"href":"https:\/\/infotorrent.es\/ca\/wp-json\/wp\/v2\/users\/2"}],"replies":[{"embeddable":true,"href":"https:\/\/infotorrent.es\/ca\/wp-json\/wp\/v2\/comments?post=12519"}],"version-history":[{"count":0,"href":"https:\/\/infotorrent.es\/ca\/wp-json\/wp\/v2\/posts\/12519\/revisions"}],"wp:featuredmedia":[{"embeddable":true,"href":"https:\/\/infotorrent.es\/ca\/wp-json\/wp\/v2\/media\/12521"}],"wp:attachment":[{"href":"https:\/\/infotorrent.es\/ca\/wp-json\/wp\/v2\/media?parent=12519"}],"wp:term":[{"taxonomy":"category","embeddable":true,"href":"https:\/\/infotorrent.es\/ca\/wp-json\/wp\/v2\/categories?post=12519"},{"taxonomy":"post_tag","embeddable":true,"href":"https:\/\/infotorrent.es\/ca\/wp-json\/wp\/v2\/tags?post=12519"}],"curies":[{"name":"wp","href":"https:\/\/api.w.org\/{rel}","templated":true}]}}