{"id":12516,"date":"2019-12-16T15:00:50","date_gmt":"2019-12-16T15:00:50","guid":{"rendered":"https:\/\/infotorrent.es\/uncategorized\/lajuntament-de-torrent-estrena-un-renovat-i-moderna-sala-dactes-amb-una-jornada-de-portes-obertes\/"},"modified":"2019-12-16T15:04:42","modified_gmt":"2019-12-16T15:04:42","slug":"lajuntament-de-torrent-estrena-un-renovat-i-moderna-sala-dactes-amb-una-jornada-de-portes-obertes","status":"publish","type":"post","link":"https:\/\/infotorrent.es\/ca\/noticies\/lajuntament-de-torrent-estrena-un-renovat-i-moderna-sala-dactes-amb-una-jornada-de-portes-obertes\/","title":{"rendered":"L&#8217;Ajuntament de Torrent estrena un renovat i moderna sala d&#8217;actes amb una jornada de portes obertes"},"content":{"rendered":"<p style=\"text-align: justify;\"><strong>Despr\u00e9s del projecte de millora, l&#8217;espai cultural compta amb butaques m\u00e9s modernes i c\u00f2modes, major accessibilitat i una imatge renovada<\/strong><\/p>\n<p style=\"text-align: justify;\">La sala d&#8217;actes de l&#8217;Ajuntament de Torrent ha obert les seues portes aquest mat\u00ed despr\u00e9s d&#8217;una completa remodelaci\u00f3 de les seues instal\u00b7lacions, que ara compten amb totes les novetats i comoditats per a acollir tot tipus d&#8217;actes culturals i art\u00edstics, aix\u00ed com xarrades formatives, pon\u00e8ncies i totes les activitats necess\u00e0ries de les associacions i col\u00b7lectius locals. A m\u00e9s del propi sal\u00f3, s&#8217;ha real\u00e7at una millora dels espais d&#8217;acc\u00e9s, tant en l&#8217;entrada des del carrer Ram\u00f3n y Cajal, com en la pr\u00f2pia sala que serveix d&#8217;acc\u00e9s al pati de butaques i a l&#8217;amfiteatre. Aix\u00ed, <strong>\u201cara comptem amb unes instal\u00b7lacions segures i accessibles a tots i totes, atenent i donant resposta a la demanda dels col\u00b7lectius de la nostra ciutat\u201d<\/strong>, ha expressat l&#8217;alcalde Jes\u00fas Ros.<\/p>\n<p style=\"text-align: justify;\">D&#8217;aquesta manera, s&#8217;han instal\u00b7lat unes noves butaques modernes i atractives, tant al pati de la sala d&#8217;actes com de l&#8217;amfiteatre. Uns seients que, amb el mateix aforament anterior, ofereixen un major espai entre les seues files, concedint al p\u00fablic major comoditat.<\/p>\n<p style=\"text-align: justify;\">El xicotet mur de l&#8217;amfiteatre s&#8217;ha cobert de fusta i, per a una major seguretat, s&#8217;ha eliminat el fragment elevat, la qual cosa ha generat un xicotet espai de pas en la primera fila, on tamb\u00e9 s&#8217;ha instal\u00b7lat un cristall transparent per a augmentar la visibilitat de les persones. Igualment, en l&#8217;amfiteatre s&#8217;he reservat un ampli espai per a les persones amb mobilitat redu\u00efda.<\/p>\n<p style=\"text-align: justify;\">D&#8217;altra banda, s&#8217;ha renovat la caixa esc\u00e8nica, canviat l&#8217;escala d&#8217;acc\u00e9s a l&#8217;escenari des del pati de butaques i una nova il\u00b7luminaci\u00f3. Igualment, s&#8217;ha instal\u00b7lat un nou paviment amb un revestiment sobre l&#8217;anterior s\u00f2l de marbre que tenia desperfectes, ja que la sala d&#8217;actes t\u00e9 una antiguitat superior als 40 anys. Finalment, s&#8217;han constru\u00eft nous banys: dones, homes i mobilitat redu\u00efda.<\/p>\n<p style=\"text-align: justify;\">Perqu\u00e8 la societat torrentina puga con\u00e9ixer de primera m\u00e0 aquest projecte de millora, durant el dia de hui, s&#8217;ha realitzat una jornada de posades obertes el renovat sal\u00f3, que dem\u00e0 iniciar\u00e0 la seua programaci\u00f3 amb diferents festivals nadalencs. La iniciativa es troba emmarcada en el llistat d&#8217;Inversions Financerament Sostenibles (IFS) de 2017 i ha comptat amb un pressupost aproximat de 285.000 \u20ac. Aquesta vesprada, els torrentins i torrentines poden continuar visitant la sala d&#8217;actes de l&#8217;ajuntament de 17 a 19.30 h.<\/p>\n<p><img fetchpriority=\"high\" decoding=\"async\" class=\"size-full wp-image-35247 aligncenter\" src=\"https:\/\/www.infotorrent.es\/wp-content\/uploads\/2019\/12\/sal\u00f3n-de-actos-3.jpg\" alt=\"\" width=\"900\" height=\"600\" \/><\/p>\n<p><img decoding=\"async\" class=\"size-bdaiablock11 wp-image-35245 aligncenter\" src=\"https:\/\/www.infotorrent.es\/wp-content\/uploads\/2019\/12\/sal\u00f3n-de-actos-2.jpg\" alt=\"\" width=\"900\" height=\"600\" \/><\/p>\n<p><img decoding=\"async\" class=\"size-bdaiablock11 wp-image-35243 aligncenter\" src=\"https:\/\/www.infotorrent.es\/wp-content\/uploads\/2019\/12\/sal\u00f3n-de-actos-1.jpg\" alt=\"\" width=\"900\" height=\"600\" \/><\/p>\n<p><img loading=\"lazy\" decoding=\"async\" class=\"size-full wp-image-35241 aligncenter\" src=\"https:\/\/www.infotorrent.es\/wp-content\/uploads\/2019\/12\/Sala_Actes2.jpg\" alt=\"\" width=\"900\" height=\"600\" \/><\/p>\n","protected":false},"excerpt":{"rendered":"<p>Despr\u00e9s del projecte de millora, l&#8217;espai cultural compta amb butaques m\u00e9s modernes i c\u00f2modes, major accessibilitat i una imatge renovada La sala d&#8217;actes de l&#8217;Ajuntament de Torrent ha obert les seues portes aquest mat\u00ed despr\u00e9s d&#8217;una completa remodelaci\u00f3 de les seues instal\u00b7lacions, que ara compten amb totes les novetats i comoditats per a acollir tot [&hellip;]<\/p>\n","protected":false},"author":13,"featured_media":12518,"comment_status":"closed","ping_status":"open","sticky":false,"template":"","format":"standard","meta":{"_acf_changed":false,"footnotes":""},"categories":[117,126,116],"tags":[],"class_list":["post-12516","post","type-post","status-publish","format-standard","has-post-thumbnail","hentry","category-cultura","category-cultura-es-2","category-noticies"],"acf":[],"_links":{"self":[{"href":"https:\/\/infotorrent.es\/ca\/wp-json\/wp\/v2\/posts\/12516","targetHints":{"allow":["GET"]}}],"collection":[{"href":"https:\/\/infotorrent.es\/ca\/wp-json\/wp\/v2\/posts"}],"about":[{"href":"https:\/\/infotorrent.es\/ca\/wp-json\/wp\/v2\/types\/post"}],"author":[{"embeddable":true,"href":"https:\/\/infotorrent.es\/ca\/wp-json\/wp\/v2\/users\/13"}],"replies":[{"embeddable":true,"href":"https:\/\/infotorrent.es\/ca\/wp-json\/wp\/v2\/comments?post=12516"}],"version-history":[{"count":0,"href":"https:\/\/infotorrent.es\/ca\/wp-json\/wp\/v2\/posts\/12516\/revisions"}],"wp:featuredmedia":[{"embeddable":true,"href":"https:\/\/infotorrent.es\/ca\/wp-json\/wp\/v2\/media\/12518"}],"wp:attachment":[{"href":"https:\/\/infotorrent.es\/ca\/wp-json\/wp\/v2\/media?parent=12516"}],"wp:term":[{"taxonomy":"category","embeddable":true,"href":"https:\/\/infotorrent.es\/ca\/wp-json\/wp\/v2\/categories?post=12516"},{"taxonomy":"post_tag","embeddable":true,"href":"https:\/\/infotorrent.es\/ca\/wp-json\/wp\/v2\/tags?post=12516"}],"curies":[{"name":"wp","href":"https:\/\/api.w.org\/{rel}","templated":true}]}}