{"id":12481,"date":"2019-12-10T14:37:02","date_gmt":"2019-12-10T14:37:02","guid":{"rendered":"https:\/\/infotorrent.es\/uncategorized\/torrent-comptara-amb-un-tercer-centre-de-salut-situat-en-parc-central\/"},"modified":"2019-12-10T14:40:07","modified_gmt":"2019-12-10T14:40:07","slug":"torrent-comptara-amb-un-tercer-centre-de-salut-situat-en-parc-central","status":"publish","type":"post","link":"https:\/\/infotorrent.es\/ca\/noticies\/torrent-comptara-amb-un-tercer-centre-de-salut-situat-en-parc-central\/","title":{"rendered":"Torrent comptar\u00e0 amb un tercer centre de salut situat en Parc Central"},"content":{"rendered":"<p>El centre descongestionar\u00e0 el consultori auxiliar del Vedat com el Centre de Salut Torrent I, i atendr\u00e0 a m\u00e9s de 13.000 persones<\/p>\n<p>La Conselleria de Sanitat Universal i Salut P\u00fablica ha iniciat l&#8217;expedient de licitaci\u00f3 de la redacci\u00f3 del projecte del nou centre de salut Torrrent III, pertanyent al departament de salut Val\u00e8ncia-Hospital General. Aix\u00ed ho ha anunciat la consellera de Sanitat Universal i Salut P\u00fablica, Ana Barcel\u00f3, en el transcurs de la visita al Centre de Salut de Torrent II, on l&#8217;ha rebuda l&#8217;alcalde Jes\u00fas Ros, la regidora de Sanitat, Marina Olivares, i els representants de la corporaci\u00f3 municipal.<\/p>\n<p>El nou centre de salut Torrent III comptar\u00e0 amb \u00e0rea de Recepci\u00f3; \u00e0rea de Medicina (amb 8 consultes m\u00e8diques i 4 consultes d&#8217;infermeria); \u00e0rea de Pediatria (amb 2 consultes de Pediatria i 1 d&#8217;Infermeria); \u00e0rea d&#8217;Extraccions (amb sala d&#8217;extraccions amb 3 llocs d&#8217;extracci\u00f3 i sala de tractaments, incl\u00f2s box d&#8217;observaci\u00f3).<\/p>\n<p>Aix\u00ed mateix, tindr\u00e0 \u00e0rea Maternal (amb consulta de matrona, 1 sala d&#8217;educaci\u00f3 sanit\u00e0ria, 1 magatzem i vestuari); i \u00e0rea Administrativa (amb 2 despatxos de coordinaci\u00f3, 1 sala de juntes, biblioteca, sala d&#8217;estar i vestuari per al personal del centre).<\/p>\n<p>La Conselleria invertir\u00e0 un total d&#8217;1.450.295 euros entre la redacci\u00f3 del projecte, ja adjudicat, per un import de 78.673, 22 euros, i l&#8217;obra, estimada en 1.371.622,88 euros.<\/p>\n<p>Per al nou centre s&#8217;habilitaran uns locals situats al carrer Mont-real, 76, cantonada amb el carrer Atlanta, 95, cedits per l&#8217;Ajuntament de Torrent. La superf\u00edcie dels locals \u00e9s de 1.067 metres quadrats (455 metres en planta baixa i 611 metres en la primera planta).<\/p>\n<p>Aquest centre de salut Torrent III, atendr\u00e0 una poblaci\u00f3 de m\u00e9s de 13.000 persones \u201cdonant resposta a les necessitats dels torrentins i torrentines en del Parc Central, una zona en la qual cada dia viuen m\u00e9s persones i, a m\u00e9s, descongestionant el consultori auxiliar del Vedat com el Centre de Salut Torrent I,\u201d, ha assenyalat l&#8217;alcalde Jes\u00fas Ros.<\/p>\n<p>&nbsp;<\/p>\n<p><img fetchpriority=\"high\" decoding=\"async\" class=\"size-full wp-image-35015 aligncenter\" src=\"https:\/\/www.infotorrent.es\/wp-content\/uploads\/2019\/12\/Centro-de-salud-4-Copy.jpg\" alt=\"\" width=\"882\" height=\"588\" \/><\/p>\n<p>&nbsp;<\/p>\n<p><img decoding=\"async\" class=\"size-full wp-image-35013 aligncenter\" src=\"https:\/\/www.infotorrent.es\/wp-content\/uploads\/2019\/12\/Centro-de-salud-3-Copy.jpg\" alt=\"\" width=\"882\" height=\"588\" \/><\/p>\n<p>&nbsp;<\/p>\n","protected":false},"excerpt":{"rendered":"<p>El centre descongestionar\u00e0 el consultori auxiliar del Vedat com el Centre de Salut Torrent I, i atendr\u00e0 a m\u00e9s de 13.000 persones La Conselleria de Sanitat Universal i Salut P\u00fablica ha iniciat l&#8217;expedient de licitaci\u00f3 de la redacci\u00f3 del projecte del nou centre de salut Torrrent III, pertanyent al departament de salut Val\u00e8ncia-Hospital General. Aix\u00ed [&hellip;]<\/p>\n","protected":false},"author":2,"featured_media":12483,"comment_status":"closed","ping_status":"open","sticky":false,"template":"","format":"standard","meta":{"_acf_changed":false,"footnotes":""},"categories":[116,151],"tags":[236],"class_list":["post-12481","post","type-post","status-publish","format-standard","has-post-thumbnail","hentry","category-noticies","category-sanitat","tag-ajuntament-de-torrent"],"acf":[],"_links":{"self":[{"href":"https:\/\/infotorrent.es\/ca\/wp-json\/wp\/v2\/posts\/12481","targetHints":{"allow":["GET"]}}],"collection":[{"href":"https:\/\/infotorrent.es\/ca\/wp-json\/wp\/v2\/posts"}],"about":[{"href":"https:\/\/infotorrent.es\/ca\/wp-json\/wp\/v2\/types\/post"}],"author":[{"embeddable":true,"href":"https:\/\/infotorrent.es\/ca\/wp-json\/wp\/v2\/users\/2"}],"replies":[{"embeddable":true,"href":"https:\/\/infotorrent.es\/ca\/wp-json\/wp\/v2\/comments?post=12481"}],"version-history":[{"count":0,"href":"https:\/\/infotorrent.es\/ca\/wp-json\/wp\/v2\/posts\/12481\/revisions"}],"wp:featuredmedia":[{"embeddable":true,"href":"https:\/\/infotorrent.es\/ca\/wp-json\/wp\/v2\/media\/12483"}],"wp:attachment":[{"href":"https:\/\/infotorrent.es\/ca\/wp-json\/wp\/v2\/media?parent=12481"}],"wp:term":[{"taxonomy":"category","embeddable":true,"href":"https:\/\/infotorrent.es\/ca\/wp-json\/wp\/v2\/categories?post=12481"},{"taxonomy":"post_tag","embeddable":true,"href":"https:\/\/infotorrent.es\/ca\/wp-json\/wp\/v2\/tags?post=12481"}],"curies":[{"name":"wp","href":"https:\/\/api.w.org\/{rel}","templated":true}]}}