{"id":12447,"date":"2019-12-03T15:03:23","date_gmt":"2019-12-03T15:03:23","guid":{"rendered":"https:\/\/infotorrent.es\/uncategorized\/mujer-atrapada-posa-el-punt-final-a-la-xii-mostra-de-teatre-amateur-juan-manuel-ferraro\/"},"modified":"2019-12-03T14:54:08","modified_gmt":"2019-12-03T14:54:08","slug":"mujer-atrapada-posa-el-punt-final-a-la-xii-mostra-de-teatre-amateur-juan-manuel-ferraro","status":"publish","type":"post","link":"https:\/\/infotorrent.es\/ca\/noticies\/mujer-atrapada-posa-el-punt-final-a-la-xii-mostra-de-teatre-amateur-juan-manuel-ferraro\/","title":{"rendered":"\u201cMujer Atrapada\u201d posa el punt final a la XII Mostra de Teatre Amateur \u201cJuan Manuel Ferraro\u201d"},"content":{"rendered":"<p>Durant el mes de novembre, l&#8217; Auditori s&#8217;ha convertit en l&#8217;escenari del programa teatral que s&#8217;ha tancat amb la representaci\u00f3 de Coturno, organitzadors de l&#8217;esdeveniment<\/p>\n<p>La XII Mostra de Teatre Amateur \u201cJuan Manuel Ferraro\u201d organitzada per Coturno, grup de teatre amateur de Torrent, ha baixat el tel\u00f3 despr\u00e9s d&#8217;una programaci\u00f3 que ha comptat enguany amb quatre representacions. L&#8217; Auditori de Torrent ha acollit el programa amb la participaci\u00f3 de Teatre en Construcci\u00f3 d&#8217;Elx, Carabau Teatre d&#8217;Alaqu\u00e0s i P\u00e0nic Esc\u00e8nic de Val\u00e8ncia, a m\u00e9s de Coturno, encarregat sempre de tancar la Mostra.<\/p>\n<p>D&#8217;aquesta forma, el diumenge a la vesprada, Coturno Teatre va ser l&#8217;encarregat de posar el punt final al programa amb l&#8217;obra \u201cMujer Atrapada\u201d, que va retratar i va q\u00fcestionar amb humor fi i di\u00e0legs aguts el rol de la dona en la societat, sobretot, el de la mare que ha d&#8217;enfrontar-se a un munt d&#8217;oficis, sense el m\u00ednim suport de ning\u00fa. A m\u00e9s, els actors i les actrius van recuperar els mon\u00f2legs de Dar\u00edo Fo i Franca Rame \u201cEl despertar\u201d i \u201cLa mare pasota\u201d.<br \/>\n\u201cHuanita\u201d va ser la proposta triada per a inaugurar la Mostra, per part de la companyia Teatre en Construcci\u00f3. Despr\u00e9s va arribar el torn de Carabau Teatre amb la seua particular versi\u00f3 de \u201cNoces de Sang\u201d; despr\u00e9s de la qual es va pujar a escena la companyia P\u00e0nic Esc\u00e8nic amb \u201cAmant a sou\u201d.<br \/>\nLa regidora de Cultura, Susi Ferrer, va dedicar unes paraules d&#8217;agra\u00efment a Coturno Teatre i als seus membres destacant \u201cla gran labor cultural que realitzen i que cada any aconsegueixen posar a Torrent com una ciutat referent dins del teatre amateur\u201d. Igualment, durant la clausura, els grups participants van rebre un diploma acreditatiu com a agra\u00efment per la seua participaci\u00f3 en la XII Mostra de Teatre Amateur.<\/p>\n<p>&nbsp;<\/p>\n<p><img fetchpriority=\"high\" decoding=\"async\" class=\"size-full wp-image-34711 aligncenter\" src=\"https:\/\/www.infotorrent.es\/wp-content\/uploads\/2019\/12\/Cloenda_Ferraro2-Copy.jpg\" alt=\"\" width=\"882\" height=\"588\" \/><\/p>\n<p><img decoding=\"async\" class=\"size-full wp-image-34713 aligncenter\" src=\"https:\/\/www.infotorrent.es\/wp-content\/uploads\/2019\/12\/Cloenda_Ferraro3-Copy.jpg\" alt=\"\" width=\"882\" height=\"588\" \/><\/p>\n","protected":false},"excerpt":{"rendered":"<p>Durant el mes de novembre, l&#8217; Auditori s&#8217;ha convertit en l&#8217;escenari del programa teatral que s&#8217;ha tancat amb la representaci\u00f3 de Coturno, organitzadors de l&#8217;esdeveniment La XII Mostra de Teatre Amateur \u201cJuan Manuel Ferraro\u201d organitzada per Coturno, grup de teatre amateur de Torrent, ha baixat el tel\u00f3 despr\u00e9s d&#8217;una programaci\u00f3 que ha comptat enguany amb [&hellip;]<\/p>\n","protected":false},"author":2,"featured_media":12449,"comment_status":"closed","ping_status":"open","sticky":false,"template":"","format":"standard","meta":{"_acf_changed":false,"footnotes":""},"categories":[126,116],"tags":[236],"class_list":["post-12447","post","type-post","status-publish","format-standard","has-post-thumbnail","hentry","category-cultura-es-2","category-noticies","tag-ajuntament-de-torrent"],"acf":[],"_links":{"self":[{"href":"https:\/\/infotorrent.es\/ca\/wp-json\/wp\/v2\/posts\/12447","targetHints":{"allow":["GET"]}}],"collection":[{"href":"https:\/\/infotorrent.es\/ca\/wp-json\/wp\/v2\/posts"}],"about":[{"href":"https:\/\/infotorrent.es\/ca\/wp-json\/wp\/v2\/types\/post"}],"author":[{"embeddable":true,"href":"https:\/\/infotorrent.es\/ca\/wp-json\/wp\/v2\/users\/2"}],"replies":[{"embeddable":true,"href":"https:\/\/infotorrent.es\/ca\/wp-json\/wp\/v2\/comments?post=12447"}],"version-history":[{"count":0,"href":"https:\/\/infotorrent.es\/ca\/wp-json\/wp\/v2\/posts\/12447\/revisions"}],"wp:featuredmedia":[{"embeddable":true,"href":"https:\/\/infotorrent.es\/ca\/wp-json\/wp\/v2\/media\/12449"}],"wp:attachment":[{"href":"https:\/\/infotorrent.es\/ca\/wp-json\/wp\/v2\/media?parent=12447"}],"wp:term":[{"taxonomy":"category","embeddable":true,"href":"https:\/\/infotorrent.es\/ca\/wp-json\/wp\/v2\/categories?post=12447"},{"taxonomy":"post_tag","embeddable":true,"href":"https:\/\/infotorrent.es\/ca\/wp-json\/wp\/v2\/tags?post=12447"}],"curies":[{"name":"wp","href":"https:\/\/api.w.org\/{rel}","templated":true}]}}