{"id":12414,"date":"2019-11-28T15:30:09","date_gmt":"2019-11-28T15:30:09","guid":{"rendered":"https:\/\/infotorrent.es\/uncategorized\/la-torre-obri-les-seues-portes-per-a-contar-la-historia-de-torrent-en-el-dia-que-es-commemora-latorgament-de-la-carta-de-poblament\/"},"modified":"2019-11-28T15:27:21","modified_gmt":"2019-11-28T15:27:21","slug":"la-torre-obri-les-seues-portes-per-a-contar-la-historia-de-torrent-en-el-dia-que-es-commemora-latorgament-de-la-carta-de-poblament","status":"publish","type":"post","link":"https:\/\/infotorrent.es\/ca\/noticies\/la-torre-obri-les-seues-portes-per-a-contar-la-historia-de-torrent-en-el-dia-que-es-commemora-latorgament-de-la-carta-de-poblament\/","title":{"rendered":"La Torre obri les seues portes per a contar la hist\u00f2ria de Torrent en el dia que es commemora l&#8217;atorgament de la Carta de Poblament"},"content":{"rendered":"<p>A m\u00e9s, l&#8217; Antic Mercat acollir\u00e0 el dissabte a les 19 h l&#8217;acte de lliurament dels Premis Carta de Poblament, que podr\u00e0 seguir-se en directe a trav\u00e9s del Facebook i Youtube de l&#8217;Ajuntament de Torrent<\/p>\n<p>Els torrentins i torrentines estan d&#8217;enhorabona perqu\u00e8 un dia com hui, 28 de novembre, per\u00f2 de l&#8217;any 1248, es va signar l&#8217;atorgament de la Carta de Poblament de Torrent a les primeres fam\u00edlies de pobladors despr\u00e9s de la conquesta de Jaume I, i que representa l&#8217;acta de naixement de la ciutat. Per aquest motiu, al llarg de tot el mat\u00ed, la Torre ha obert les seues portes per a donar a con\u00e9ixer l&#8217;emblem\u00e0tic monument a tots els ve\u00efns i ve\u00efnes. Les persones que no hagen pogut visitar-la, tenen una altra oportunitat aquesta vesprada, de 17 h a 20 h; i tamb\u00e9 el dissabte 30 i el diumenge 1, d&#8217;11 h a 13 h.<\/p>\n<p>Aprofitant aquesta data tan important, el dissabte, 30 de novembre, es far\u00e0 lliurament dels Premis Carta Poblament. En aquesta IX edici\u00f3, Adri\u00e0 Bes\u00f3 Ros, en la categoria Arts i Lletres; C\u00e0ritas Interparroquial, en la categoria Societat i Conc\u00f2rdia; i Francisco Miguel Almerich Sim\u00f3, en la categoria Traject\u00f2ria Professional, rebran els guardons que els reconeixen com premiats d&#8217;aquesta edici\u00f3, per\u00f2 tamb\u00e9 l&#8217;afecte de tota la ciutat.<\/p>\n<p>L&#8217;esdeveniment, que reconeix el treball, esfor\u00e7 i dedicaci\u00f3 de les persones o entitats torrentinas que milloren de manera significativa la societat, tant en la seua labor social com professional, arrancar\u00e0 a les 19 h en l&#8217;Antic Mercat i, a m\u00e9s, podr\u00e0 seguir-se en streaming a trav\u00e9s de de la p\u00e0gina oficial de Facebook Ajuntament de Torrent i el canal de Youtube.<\/p>\n<p><img fetchpriority=\"high\" decoding=\"async\" class=\"alignnone size-full wp-image-34468\" src=\"https:\/\/www.infotorrent.es\/wp-content\/uploads\/2019\/11\/Torre-Copy-1.jpg\" alt=\"\" width=\"882\" height=\"588\" \/><\/p>\n<p><img decoding=\"async\" class=\"size-full wp-image-34468 aligncenter\" src=\"https:\/\/www.infotorrent.es\/wp-content\/uploads\/2019\/11\/Torre-Copy-1.jpg\" alt=\"\" width=\"882\" height=\"588\" \/><\/p>\n","protected":false},"excerpt":{"rendered":"<p>A m\u00e9s, l&#8217; Antic Mercat acollir\u00e0 el dissabte a les 19 h l&#8217;acte de lliurament dels Premis Carta de Poblament, que podr\u00e0 seguir-se en directe a trav\u00e9s del Facebook i Youtube de l&#8217;Ajuntament de Torrent Els torrentins i torrentines estan d&#8217;enhorabona perqu\u00e8 un dia com hui, 28 de novembre, per\u00f2 de l&#8217;any 1248, es va [&hellip;]<\/p>\n","protected":false},"author":2,"featured_media":12416,"comment_status":"closed","ping_status":"open","sticky":false,"template":"","format":"standard","meta":{"_acf_changed":false,"footnotes":""},"categories":[126,116],"tags":[236],"class_list":["post-12414","post","type-post","status-publish","format-standard","has-post-thumbnail","hentry","category-cultura-es-2","category-noticies","tag-ajuntament-de-torrent"],"acf":[],"_links":{"self":[{"href":"https:\/\/infotorrent.es\/ca\/wp-json\/wp\/v2\/posts\/12414","targetHints":{"allow":["GET"]}}],"collection":[{"href":"https:\/\/infotorrent.es\/ca\/wp-json\/wp\/v2\/posts"}],"about":[{"href":"https:\/\/infotorrent.es\/ca\/wp-json\/wp\/v2\/types\/post"}],"author":[{"embeddable":true,"href":"https:\/\/infotorrent.es\/ca\/wp-json\/wp\/v2\/users\/2"}],"replies":[{"embeddable":true,"href":"https:\/\/infotorrent.es\/ca\/wp-json\/wp\/v2\/comments?post=12414"}],"version-history":[{"count":0,"href":"https:\/\/infotorrent.es\/ca\/wp-json\/wp\/v2\/posts\/12414\/revisions"}],"wp:featuredmedia":[{"embeddable":true,"href":"https:\/\/infotorrent.es\/ca\/wp-json\/wp\/v2\/media\/12416"}],"wp:attachment":[{"href":"https:\/\/infotorrent.es\/ca\/wp-json\/wp\/v2\/media?parent=12414"}],"wp:term":[{"taxonomy":"category","embeddable":true,"href":"https:\/\/infotorrent.es\/ca\/wp-json\/wp\/v2\/categories?post=12414"},{"taxonomy":"post_tag","embeddable":true,"href":"https:\/\/infotorrent.es\/ca\/wp-json\/wp\/v2\/tags?post=12414"}],"curies":[{"name":"wp","href":"https:\/\/api.w.org\/{rel}","templated":true}]}}