{"id":12358,"date":"2019-11-25T08:39:43","date_gmt":"2019-11-25T08:39:43","guid":{"rendered":"https:\/\/infotorrent.es\/uncategorized\/aset-participa-en-el-congres-darees-industrials-de-la-comunitat-valenciana\/"},"modified":"2019-11-22T14:03:11","modified_gmt":"2019-11-22T14:03:11","slug":"aset-participa-en-el-congres-darees-industrials-de-la-comunitat-valenciana","status":"publish","type":"post","link":"https:\/\/infotorrent.es\/ca\/noticies\/aset-participa-en-el-congres-darees-industrials-de-la-comunitat-valenciana\/","title":{"rendered":"ASET participa en el Congr\u00e9s d&#8217;\u00c0rees Industrials de la Comunitat Valenciana"},"content":{"rendered":"<p style=\"text-align: justify;\">L&#8217;Associaci\u00f3 Empresarial de Torrent (ASET) particip\u00e0 dimarts passat en el Congr\u00e9s d&#8217;\u00c0rees Industrials de la Comunitat Valenciana, organitzat per Fepeval (Federaci\u00f3 de Pol\u00edgons Industrials de la Comunitat Valenciana) en el Parc Tecnol\u00f2gic de Val\u00e8ncia (Paterna). En la trobada, que va ser inaugurat pel president de la Generalitat, Ximo Puig, van participar ponents de tota la geografia espanyola per a exposar bones pr\u00e0ctiques sobre la gesti\u00f3 integral de les \u00e0rees empresarials. Els representants dels empresaris torrentins van acudir a la cita acompanyats de l&#8217;alcalde Jes\u00fas Ros.<\/p>\n<p><img fetchpriority=\"high\" decoding=\"async\" class=\"size-full wp-image-34197 aligncenter\" src=\"https:\/\/www.infotorrent.es\/wp-content\/uploads\/2019\/11\/congres_FEPEVAL2.jpg\" alt=\"\" width=\"695\" height=\"391\" \/><\/p>\n","protected":false},"excerpt":{"rendered":"<p>L&#8217;Associaci\u00f3 Empresarial de Torrent (ASET) particip\u00e0 dimarts passat en el Congr\u00e9s d&#8217;\u00c0rees Industrials de la Comunitat Valenciana, organitzat per Fepeval (Federaci\u00f3 de Pol\u00edgons Industrials de la Comunitat Valenciana) en el Parc Tecnol\u00f2gic de Val\u00e8ncia (Paterna). En la trobada, que va ser inaugurat pel president de la Generalitat, Ximo Puig, van participar ponents de tota la [&hellip;]<\/p>\n","protected":false},"author":3,"featured_media":12360,"comment_status":"closed","ping_status":"open","sticky":false,"template":"","format":"standard","meta":{"_acf_changed":false,"footnotes":""},"categories":[120,116],"tags":[457],"class_list":["post-12358","post","type-post","status-publish","format-standard","has-post-thumbnail","hentry","category-economia","category-noticies","tag-aset"],"acf":[],"_links":{"self":[{"href":"https:\/\/infotorrent.es\/ca\/wp-json\/wp\/v2\/posts\/12358","targetHints":{"allow":["GET"]}}],"collection":[{"href":"https:\/\/infotorrent.es\/ca\/wp-json\/wp\/v2\/posts"}],"about":[{"href":"https:\/\/infotorrent.es\/ca\/wp-json\/wp\/v2\/types\/post"}],"author":[{"embeddable":true,"href":"https:\/\/infotorrent.es\/ca\/wp-json\/wp\/v2\/users\/3"}],"replies":[{"embeddable":true,"href":"https:\/\/infotorrent.es\/ca\/wp-json\/wp\/v2\/comments?post=12358"}],"version-history":[{"count":0,"href":"https:\/\/infotorrent.es\/ca\/wp-json\/wp\/v2\/posts\/12358\/revisions"}],"wp:featuredmedia":[{"embeddable":true,"href":"https:\/\/infotorrent.es\/ca\/wp-json\/wp\/v2\/media\/12360"}],"wp:attachment":[{"href":"https:\/\/infotorrent.es\/ca\/wp-json\/wp\/v2\/media?parent=12358"}],"wp:term":[{"taxonomy":"category","embeddable":true,"href":"https:\/\/infotorrent.es\/ca\/wp-json\/wp\/v2\/categories?post=12358"},{"taxonomy":"post_tag","embeddable":true,"href":"https:\/\/infotorrent.es\/ca\/wp-json\/wp\/v2\/tags?post=12358"}],"curies":[{"name":"wp","href":"https:\/\/api.w.org\/{rel}","templated":true}]}}