{"id":12323,"date":"2019-11-19T09:37:58","date_gmt":"2019-11-19T09:37:58","guid":{"rendered":"https:\/\/infotorrent.es\/uncategorized\/les-activitats-del-mes-del-medi-ambient-omplin-lagenda-del-cap-de-setmana-a-torrent\/"},"modified":"2019-11-19T09:43:52","modified_gmt":"2019-11-19T09:43:52","slug":"les-activitats-del-mes-del-medi-ambient-omplin-lagenda-del-cap-de-setmana-a-torrent","status":"publish","type":"post","link":"https:\/\/infotorrent.es\/ca\/noticies\/les-activitats-del-mes-del-medi-ambient-omplin-lagenda-del-cap-de-setmana-a-torrent\/","title":{"rendered":"Les activitats del Mes del Medi Ambient omplin l&#8217;agenda del cap de setmana a Torrent"},"content":{"rendered":"<p>La Fira Recicl-Art, la ruta pel Vedat i la Fira Ambiental han sigut les propostes dirigides a tots els p\u00fablics<\/p>\n<p>La programaci\u00f3 del Mes del Medi Ambient a Torrent no per a ni un sol moment i aquest cap de setmana els torrentins i torrentines han pogut participar en diferents activitats. El tret d&#8217;eixida el va donar la Fira Ambiental en la pla\u00e7a Fra Antonio Panes, una activitat dirigida als m\u00e9s xicotets i xicotetes de la casa van poder gaudir de tallers i jocs entorn del respecte mediambiental, la sostenibilitat o el canvi clim\u00e0tic.<\/p>\n<p>El dissabte, Torrent va comen\u00e7ar el dia amb la ruta pel Vedat, organitzada per l&#8217;Associaci\u00f3 de Ve\u00efns del Vedat i Torrent Verd. Amb un passeig, les excursionistes van poder passejar per la muntanya i descobrir les esp\u00e8cies arbredes que existeixen i les diferents rutes que es poden realitzar. El regidor de Medi Ambient, Francisco Jos\u00e9 Arnau, es va sumar a aquesta iniciativa que es va iniciar en el Centre Ambiental El Vedat.<\/p>\n<p>Una altra de les activitats mediambientals i que va tindre gran participaci\u00f3 va ser la Fira Recicl-Art. Una aposta molt divertida i educativa per a mostrar i fomentar el reciclatge entre els xiquets i xiquetes de la ciutat. La pla\u00e7a de la Uni\u00f3 Musical va ser l&#8217;escenari triat per a celebrar aquest esdeveniment que va comptar amb pintacares, globoflexia, i altres activitats infantils.<\/p>\n<p><img fetchpriority=\"high\" decoding=\"async\" class=\"size-full wp-image-33962 aligncenter\" src=\"https:\/\/www.infotorrent.es\/wp-content\/uploads\/2019\/11\/Ruta-El-Vedat-2-Copy.jpg\" alt=\"\" width=\"882\" height=\"588\" \/><\/p>\n<p>&nbsp;<\/p>\n<p><img decoding=\"async\" class=\"size-medium wp-image-33960 aligncenter\" src=\"https:\/\/www.infotorrent.es\/wp-content\/uploads\/2019\/11\/Ruta-El-Vedat-1-Copy.jpg\" alt=\"\" width=\"882\" height=\"588\" \/><\/p>\n<p>&nbsp;<\/p>\n<p><img decoding=\"async\" class=\"size-medium wp-image-33958 aligncenter\" src=\"https:\/\/www.infotorrent.es\/wp-content\/uploads\/2019\/11\/Medio-ambiente-Copy.jpg\" alt=\"\" width=\"882\" height=\"588\" \/><\/p>\n<p>&nbsp;<\/p>\n<p><img loading=\"lazy\" decoding=\"async\" class=\"size-medium wp-image-33956 aligncenter\" src=\"https:\/\/www.infotorrent.es\/wp-content\/uploads\/2019\/11\/Fira-Recicl-art-4-Copy.jpg\" alt=\"\" width=\"882\" height=\"588\" \/><\/p>\n<p>&nbsp;<\/p>\n<p><img loading=\"lazy\" decoding=\"async\" class=\"size-medium wp-image-33954 aligncenter\" src=\"https:\/\/www.infotorrent.es\/wp-content\/uploads\/2019\/11\/Fira-Recicl-art-3-Copy.jpg\" alt=\"\" width=\"882\" height=\"588\" \/><\/p>\n<p>&nbsp;<\/p>\n<p><img loading=\"lazy\" decoding=\"async\" class=\"size-medium wp-image-33952 aligncenter\" src=\"https:\/\/www.infotorrent.es\/wp-content\/uploads\/2019\/11\/Fira-Recicl-art-2-Copy.jpg\" alt=\"\" width=\"882\" height=\"588\" \/><\/p>\n<p>&nbsp;<\/p>\n<p><img loading=\"lazy\" decoding=\"async\" class=\"size-full wp-image-33950 aligncenter\" src=\"https:\/\/www.infotorrent.es\/wp-content\/uploads\/2019\/11\/Fira-Recicl-art-1-Copy.jpg\" alt=\"\" width=\"882\" height=\"588\" \/><\/p>\n","protected":false},"excerpt":{"rendered":"<p>La Fira Recicl-Art, la ruta pel Vedat i la Fira Ambiental han sigut les propostes dirigides a tots els p\u00fablics La programaci\u00f3 del Mes del Medi Ambient a Torrent no per a ni un sol moment i aquest cap de setmana els torrentins i torrentines han pogut participar en diferents activitats. El tret d&#8217;eixida el [&hellip;]<\/p>\n","protected":false},"author":2,"featured_media":12325,"comment_status":"closed","ping_status":"open","sticky":false,"template":"","format":"standard","meta":{"_acf_changed":false,"footnotes":""},"categories":[138,116],"tags":[236],"class_list":["post-12323","post","type-post","status-publish","format-standard","has-post-thumbnail","hentry","category-medio-ambiente-2","category-noticies","tag-ajuntament-de-torrent"],"acf":[],"_links":{"self":[{"href":"https:\/\/infotorrent.es\/ca\/wp-json\/wp\/v2\/posts\/12323","targetHints":{"allow":["GET"]}}],"collection":[{"href":"https:\/\/infotorrent.es\/ca\/wp-json\/wp\/v2\/posts"}],"about":[{"href":"https:\/\/infotorrent.es\/ca\/wp-json\/wp\/v2\/types\/post"}],"author":[{"embeddable":true,"href":"https:\/\/infotorrent.es\/ca\/wp-json\/wp\/v2\/users\/2"}],"replies":[{"embeddable":true,"href":"https:\/\/infotorrent.es\/ca\/wp-json\/wp\/v2\/comments?post=12323"}],"version-history":[{"count":0,"href":"https:\/\/infotorrent.es\/ca\/wp-json\/wp\/v2\/posts\/12323\/revisions"}],"wp:featuredmedia":[{"embeddable":true,"href":"https:\/\/infotorrent.es\/ca\/wp-json\/wp\/v2\/media\/12325"}],"wp:attachment":[{"href":"https:\/\/infotorrent.es\/ca\/wp-json\/wp\/v2\/media?parent=12323"}],"wp:term":[{"taxonomy":"category","embeddable":true,"href":"https:\/\/infotorrent.es\/ca\/wp-json\/wp\/v2\/categories?post=12323"},{"taxonomy":"post_tag","embeddable":true,"href":"https:\/\/infotorrent.es\/ca\/wp-json\/wp\/v2\/tags?post=12323"}],"curies":[{"name":"wp","href":"https:\/\/api.w.org\/{rel}","templated":true}]}}